{"id":1091,"date":"2026-04-29T11:47:07","date_gmt":"2026-04-29T11:47:07","guid":{"rendered":"https:\/\/www.buntes-meissen.de\/?p=1091"},"modified":"2026-04-29T11:47:07","modified_gmt":"2026-04-29T11:47:07","slug":"das-intercultural-festival-kommt-zurueck","status":"publish","type":"post","link":"https:\/\/www.buntes-meissen.de\/index.php\/2026\/04\/29\/das-intercultural-festival-kommt-zurueck\/","title":{"rendered":"Das Intercultural Festival kommt zur\u00fcck!"},"content":{"rendered":"\n<p>Save the Date:<br><strong>11.\u201312. September 2026<\/strong><br>Internationaler Garten Mei\u00dfen \u2013 Gro\u00dfenhainerstra\u00dfe 161<\/p>\n\n\n\n<p>Wir machen weiter \u2013 und freuen uns auf zwei neue Tage voller Musik, Begegnung und Vielfalt!<\/p>\n\n\n\n<p><strong>Freut euch auf:<\/strong><br>\u2022 Live-Musik von Punk bis Weltmusik<br>\u2022 Workshops &amp; Mitmachangebote<br>\u2022 Austausch, Diskussionen &amp; Begegnungen<br>\u2022 Internationale K\u00fcche<br>\u2022 Kultur, Aktionen und weitere Programmpunkte in Planung<\/p>\n\n\n\n<p>Zwei Tage, die wieder ein Zeichen setzen f\u00fcr Offenheit, Solidarit\u00e4t und gelebte Vielfalt.<\/p>\n\n\n\n<p><strong>Ihr wollt dabei sein?<\/strong><br>Ihr seid K\u00fcnstler*innen, habt Lust einen Workshop anzubieten oder wollt uns bei der Durchf\u00fchrung unterst\u00fctzen?<br>Meldet euch bei uns \u2013 wir freuen uns \u00fcber Ideen, Mitwirkung und neue Gesichter!<\/p>\n\n\n\n<p><strong>E-Mail:<\/strong> <a href=\"mailto:info@buntes-meissen.de\">info@buntes-meissen.de<\/a><\/p>\n\n\n\n<p>Wir freuen uns jetzt schon riesig auf euch!<\/p>\n","protected":false},"excerpt":{"rendered":"<p>Save the Date:11.\u201312. September 2026Internationaler Garten Mei\u00dfen \u2013 Gro\u00dfenhainerstra\u00dfe 161 Wir machen weiter \u2013 und freuen uns auf zwei neue Tage voller Musik, Begegnung und Vielfalt! Freut euch auf:\u2022 Live-Musik von Punk bis Weltmusik\u2022 Workshops &amp; Mitmachangebote\u2022 Austausch, Diskussionen &amp; Begegnungen\u2022 Internationale K\u00fcche\u2022 Kultur, Aktionen und weitere Programmpunkte in Planung Zwei Tage, die wieder ein&#8230; <\/p>\n<div class=\"link-more\"><a href=\"https:\/\/www.buntes-meissen.de\/index.php\/2026\/04\/29\/das-intercultural-festival-kommt-zurueck\/\">Weiterlesen<\/a><\/div>\n","protected":false},"author":1,"featured_media":1092,"comment_status":"closed","ping_status":"closed","sticky":false,"template":"","format":"standard","meta":{"pgc_sgb_lightbox_settings":"","footnotes":""},"categories":[3,60,4],"tags":[104,61,7,11],"class_list":["post-1091","post","type-post","status-publish","format-standard","has-post-thumbnail","hentry","category-allgemein","category-internationaler-garten","category-veranstaltung","tag-intercultural-festival","tag-internationaler-garten","tag-meissen","tag-veranstaltung"],"_links":{"self":[{"href":"https:\/\/www.buntes-meissen.de\/index.php\/wp-json\/wp\/v2\/posts\/1091","targetHints":{"allow":["GET"]}}],"collection":[{"href":"https:\/\/www.buntes-meissen.de\/index.php\/wp-json\/wp\/v2\/posts"}],"about":[{"href":"https:\/\/www.buntes-meissen.de\/index.php\/wp-json\/wp\/v2\/types\/post"}],"author":[{"embeddable":true,"href":"https:\/\/www.buntes-meissen.de\/index.php\/wp-json\/wp\/v2\/users\/1"}],"replies":[{"embeddable":true,"href":"https:\/\/www.buntes-meissen.de\/index.php\/wp-json\/wp\/v2\/comments?post=1091"}],"version-history":[{"count":1,"href":"https:\/\/www.buntes-meissen.de\/index.php\/wp-json\/wp\/v2\/posts\/1091\/revisions"}],"predecessor-version":[{"id":1093,"href":"https:\/\/www.buntes-meissen.de\/index.php\/wp-json\/wp\/v2\/posts\/1091\/revisions\/1093"}],"wp:featuredmedia":[{"embeddable":true,"href":"https:\/\/www.buntes-meissen.de\/index.php\/wp-json\/wp\/v2\/media\/1092"}],"wp:attachment":[{"href":"https:\/\/www.buntes-meissen.de\/index.php\/wp-json\/wp\/v2\/media?parent=1091"}],"wp:term":[{"taxonomy":"category","embeddable":true,"href":"https:\/\/www.buntes-meissen.de\/index.php\/wp-json\/wp\/v2\/categories?post=1091"},{"taxonomy":"post_tag","embeddable":true,"href":"https:\/\/www.buntes-meissen.de\/index.php\/wp-json\/wp\/v2\/tags?post=1091"}],"curies":[{"name":"wp","href":"https:\/\/api.w.org\/{rel}","templated":true}]}}