{"id":125,"date":"2022-04-28T07:46:36","date_gmt":"2022-04-28T07:46:36","guid":{"rendered":"https:\/\/www.buntes-meissen.de\/?p=125"},"modified":"2022-04-28T07:46:36","modified_gmt":"2022-04-28T07:46:36","slug":"wir-trauern-um-ingolf-brumm-1958-2022","status":"publish","type":"post","link":"https:\/\/www.buntes-meissen.de\/index.php\/2022\/04\/28\/wir-trauern-um-ingolf-brumm-1958-2022\/","title":{"rendered":"Wir trauern um Ingolf Brumm (1958 &#8211; 2022)"},"content":{"rendered":"\n<figure class=\"wp-block-image size-large\"><img loading=\"lazy\" decoding=\"async\" width=\"819\" height=\"1024\" src=\"https:\/\/www.buntes-meissen.de\/wp-content\/uploads\/2022\/04\/Brumm_Ingolf-01-819x1024.jpeg\" alt=\"\" class=\"wp-image-126\" srcset=\"https:\/\/www.buntes-meissen.de\/wp-content\/uploads\/2022\/04\/Brumm_Ingolf-01-819x1024.jpeg 819w, https:\/\/www.buntes-meissen.de\/wp-content\/uploads\/2022\/04\/Brumm_Ingolf-01-240x300.jpeg 240w, https:\/\/www.buntes-meissen.de\/wp-content\/uploads\/2022\/04\/Brumm_Ingolf-01-768x960.jpeg 768w, https:\/\/www.buntes-meissen.de\/wp-content\/uploads\/2022\/04\/Brumm_Ingolf-01-1229x1536.jpeg 1229w, https:\/\/www.buntes-meissen.de\/wp-content\/uploads\/2022\/04\/Brumm_Ingolf-01-1638x2048.jpeg 1638w, https:\/\/www.buntes-meissen.de\/wp-content\/uploads\/2022\/04\/Brumm_Ingolf-01.jpeg 1880w\" sizes=\"auto, (max-width: 819px) 100vw, 819px\" \/><\/figure>\n\n\n\n<p>Ingolf Brumm ist am 27.4.22 verstorben. Wir danken ihm sein gro\u00dfes und uneigenn\u00fctziges Engagement f\u00fcr Gefl\u00fcchtete seit 2015. Als Buntes Mei\u00dfen &#8211; B\u00fcndnis Zivilcourage e.V. danken wir ihm f\u00fcr engagierte F\u00f6rderung und Unterst\u00fctzung unserer Integrationsarbeit &#8211; und f\u00fcr unser langj\u00e4hriges Quartier in der Rauhentalstra\u00dfe 14.&nbsp; Wir vermissen ihn. Sein Boot f\u00e4hrt \u00fcber den Horizont.&nbsp; Dort wird er erwartet.<\/p>\n\n\n\n<p>Bernd Oehler \u2013 Vorsitzender Buntes Mei\u00dfen e.V.<\/p>\n","protected":false},"excerpt":{"rendered":"<p>Ingolf Brumm ist am 27.4.22 verstorben. Wir danken ihm sein gro\u00dfes und uneigenn\u00fctziges Engagement f\u00fcr Gefl\u00fcchtete seit 2015. Als Buntes Mei\u00dfen &#8211; B\u00fcndnis Zivilcourage e.V. danken wir ihm f\u00fcr engagierte F\u00f6rderung und Unterst\u00fctzung unserer Integrationsarbeit &#8211; und f\u00fcr unser langj\u00e4hriges Quartier in der Rauhentalstra\u00dfe 14.&nbsp; Wir vermissen ihn. Sein Boot f\u00e4hrt \u00fcber den Horizont.&nbsp; Dort&#8230; <\/p>\n<div class=\"link-more\"><a href=\"https:\/\/www.buntes-meissen.de\/index.php\/2022\/04\/28\/wir-trauern-um-ingolf-brumm-1958-2022\/\">Weiterlesen<\/a><\/div>\n","protected":false},"author":1,"featured_media":126,"comment_status":"open","ping_status":"open","sticky":false,"template":"","format":"standard","meta":{"pgc_sgb_lightbox_settings":"","footnotes":""},"categories":[3,36],"tags":[38,37,39],"class_list":["post-125","post","type-post","status-publish","format-standard","has-post-thumbnail","hentry","category-allgemein","category-mitglieder","tag-brumm","tag-ingolf","tag-verstorben"],"_links":{"self":[{"href":"https:\/\/www.buntes-meissen.de\/index.php\/wp-json\/wp\/v2\/posts\/125","targetHints":{"allow":["GET"]}}],"collection":[{"href":"https:\/\/www.buntes-meissen.de\/index.php\/wp-json\/wp\/v2\/posts"}],"about":[{"href":"https:\/\/www.buntes-meissen.de\/index.php\/wp-json\/wp\/v2\/types\/post"}],"author":[{"embeddable":true,"href":"https:\/\/www.buntes-meissen.de\/index.php\/wp-json\/wp\/v2\/users\/1"}],"replies":[{"embeddable":true,"href":"https:\/\/www.buntes-meissen.de\/index.php\/wp-json\/wp\/v2\/comments?post=125"}],"version-history":[{"count":1,"href":"https:\/\/www.buntes-meissen.de\/index.php\/wp-json\/wp\/v2\/posts\/125\/revisions"}],"predecessor-version":[{"id":127,"href":"https:\/\/www.buntes-meissen.de\/index.php\/wp-json\/wp\/v2\/posts\/125\/revisions\/127"}],"wp:featuredmedia":[{"embeddable":true,"href":"https:\/\/www.buntes-meissen.de\/index.php\/wp-json\/wp\/v2\/media\/126"}],"wp:attachment":[{"href":"https:\/\/www.buntes-meissen.de\/index.php\/wp-json\/wp\/v2\/media?parent=125"}],"wp:term":[{"taxonomy":"category","embeddable":true,"href":"https:\/\/www.buntes-meissen.de\/index.php\/wp-json\/wp\/v2\/categories?post=125"},{"taxonomy":"post_tag","embeddable":true,"href":"https:\/\/www.buntes-meissen.de\/index.php\/wp-json\/wp\/v2\/tags?post=125"}],"curies":[{"name":"wp","href":"https:\/\/api.w.org\/{rel}","templated":true}]}}