{"id":299,"date":"2022-06-14T09:11:57","date_gmt":"2022-06-14T09:11:57","guid":{"rendered":"https:\/\/www.buntes-meissen.de\/?p=299"},"modified":"2022-06-14T09:14:33","modified_gmt":"2022-06-14T09:14:33","slug":"die-odyssee-am-14-06-2022-um-19-00-uhr-in-den-filmpalast-meissen","status":"publish","type":"post","link":"https:\/\/www.buntes-meissen.de\/index.php\/2022\/06\/14\/die-odyssee-am-14-06-2022-um-19-00-uhr-in-den-filmpalast-meissen\/","title":{"rendered":"&#8222;Die Odyssee\u201c am 14.06.2022 um 19.00 Uhr im Filmpalast Mei\u00dfen"},"content":{"rendered":"\n<p>Das B\u00fcndnis Buntes Mei\u00dfen l\u00e4dt ein zum Film:<\/p>\n\n\n\n<p>\u201eDIE ODYSSEE\u201c<\/p>\n\n\n\n<p>Geschichte einer Flucht<\/p>\n\n\n\n<p>Dienstag, 14. Juni 2022, 19 Uhr<\/p>\n\n\n\n<p>Filmpalast (Kino) Meissen, Theaterplatz 14<\/p>\n\n\n\n<p><strong>Der Eintritt ist frei.<\/strong><\/p>\n\n\n\n<p>Im Anschluss an die Auff\u00fchrung findet ein Podiums- und Publikumsgespr\u00e4ch statt.<\/p>\n\n\n\n<p>Daran nehmen teil:\u00a0\u00a0\u00a0\u00a0\u00a0\u00a0\u00a0\u00a0\u00a0\u00a0<\/p>\n\n\n\n<p>J\u00f6rg Eichler, S\u00e4chsischer Fl\u00fcchtlingsrat<br>Ines Mallek-Klein, S\u00e4chsische Zeitung<br>Ralf Kukula, Filmproduzent<\/p>\n\n\n\n<p>Das Gespr\u00e4ch wird moderiert von Frank Richter, MdL<\/p>\n\n\n\n<p><strong>\u201eDie Odyssee\u201c:<\/strong><br>Frankreich\/Deutschland\/Tschechien 2020,<br>84 Minuten, deutsche Fassung, ab 12 Jahre,<br>Regie: Florence Miailhe; Drehbuch: Marie Desplechin, Florence Miailhe;<br>Musik: Philipp E. K\u00fcmpel, Andreas Moisa<br>Produzent*innen: Dora Benousilio, Ralf Kukula u.a.<\/p>\n\n\n\n<p><strong>Zum Film:<br><\/strong>Er erz\u00e4hlt in beeindruckenden Bildern \u2013 handgemalt in \u00d6l auf Glas \u2013 eine ber\u00fchrende Geschichte von 2 Geschwistern auf der Suche nach einem neuen Zuhause. Inspiriert von der Flucht ihrer Urgro\u00dfeltern aus Odessa schuf die K\u00fcnstlerin Florence Miailhe einen Film, der Jugendliche und Erwachsene gleicherma\u00dfen faszinieren wird.<\/p>\n\n\n\n<p><strong>Zur Handlung:<\/strong><br>Es ist die Geschichte einer Flucht. Die Geschwister Kyona und Adriel leben in einem kleinen Dorf, umgeben von friedlichen W\u00e4ldern. Doch die Idylle tr\u00fcgt: Eines Nachts wird der Ort \u00fcberfallen und die Familie ist gezwungen, vor der eskalierenden Gewalt zu fliehen. Als Kyona und Adriel bei einer Zugkontrolle von ihren Eltern getrennt werden, m\u00fcssen sie ihren weiteren Weg alleine gehen. So beginnt eine heldenhafte Reise, die Kyona und Adriel \u00fcber einen Kontinent voller Gefahren f\u00fchrt. Die beiden schlie\u00dfen neue Freundschaften, aber immer wieder holen sie der Krieg und ihre eigene Geschichte ein. Auf ihrer Suche nach etwas Sicherheit, lassen sie ihre Kindheit hinter sich \u2013 und werden allm\u00e4hlich erwachsen. Werden sie ihre Familie wiedersehen und in der Fremde ein neues Zuhause finden k\u00f6nnen?<\/p>\n\n\n\n<p><strong>Ausgew\u00e4hlte Pressestimmen:<\/strong><br>\u201eDer Film zur Stunde\u201c FAZ<br><br>\u201eEin visuell \u00fcberw\u00e4ltigendes Werk\u201c Filmdienst<br><br>\u201eDieser au\u00dfergew\u00f6hnliche Film besticht durch seine Sch\u00f6nheit und Zartheit.\u201c Figaro<br><br>\u201eEin Wunder der Menschlichkeit\u201c Paris Match<br><br>\u201eKann ein Film, der sich an junge Menschen richtet, ernste Themen aufgreifen, ohne sie zu verw\u00e4ssern oder zu vereinfachen? DIE ODYSSEE ist eine brillante Antwort auf diese Frage, indem er die unsch\u00f6ne Realit\u00e4t unserer heutigen Welt in die Bildsprache des M\u00e4rchens \u00fcbersetzt.\u201c Le Monde<br><br>\u201eWirklich sensationell ist DIE ODYSSEE. Florence Miailhe hat das Werk ihrer Gro\u00dfmutter gewidmet, die 1905 mit ihren zehn Kindern aus Odessa fliehen musste. Sie betreibt keine animierte Bebilderung, wie sie im Dokumentarfilm inzwischen leider gang und g\u00e4be ist, sondern transponiert ihre Geschichte in fantastische und sehr gegenw\u00e4rtige Bilder\u201c Falter<\/p>\n","protected":false},"excerpt":{"rendered":"<p>Das B\u00fcndnis Buntes Mei\u00dfen l\u00e4dt ein zum Film: \u201eDIE ODYSSEE\u201c Geschichte einer Flucht Dienstag, 14. Juni 2022, 19 Uhr Filmpalast (Kino) Meissen, Theaterplatz 14 Der Eintritt ist frei. Im Anschluss an die Auff\u00fchrung findet ein Podiums- und Publikumsgespr\u00e4ch statt. Daran nehmen teil:\u00a0\u00a0\u00a0\u00a0\u00a0\u00a0\u00a0\u00a0\u00a0\u00a0 J\u00f6rg Eichler, S\u00e4chsischer Fl\u00fcchtlingsratInes Mallek-Klein, S\u00e4chsische ZeitungRalf Kukula, Filmproduzent Das Gespr\u00e4ch wird moderiert&#8230; <\/p>\n<div class=\"link-more\"><a href=\"https:\/\/www.buntes-meissen.de\/index.php\/2022\/06\/14\/die-odyssee-am-14-06-2022-um-19-00-uhr-in-den-filmpalast-meissen\/\">Weiterlesen<\/a><\/div>\n","protected":false},"author":1,"featured_media":300,"comment_status":"open","ping_status":"open","sticky":false,"template":"","format":"standard","meta":{"pgc_sgb_lightbox_settings":"","footnotes":""},"categories":[3,5,4],"tags":[58,57,8,59,7,11],"class_list":["post-299","post","type-post","status-publish","format-standard","has-post-thumbnail","hentry","category-allgemein","category-gefluechtete","category-veranstaltung","tag-die-odyssee","tag-film","tag-gefluechtete","tag-kino","tag-meissen","tag-veranstaltung"],"_links":{"self":[{"href":"https:\/\/www.buntes-meissen.de\/index.php\/wp-json\/wp\/v2\/posts\/299","targetHints":{"allow":["GET"]}}],"collection":[{"href":"https:\/\/www.buntes-meissen.de\/index.php\/wp-json\/wp\/v2\/posts"}],"about":[{"href":"https:\/\/www.buntes-meissen.de\/index.php\/wp-json\/wp\/v2\/types\/post"}],"author":[{"embeddable":true,"href":"https:\/\/www.buntes-meissen.de\/index.php\/wp-json\/wp\/v2\/users\/1"}],"replies":[{"embeddable":true,"href":"https:\/\/www.buntes-meissen.de\/index.php\/wp-json\/wp\/v2\/comments?post=299"}],"version-history":[{"count":2,"href":"https:\/\/www.buntes-meissen.de\/index.php\/wp-json\/wp\/v2\/posts\/299\/revisions"}],"predecessor-version":[{"id":302,"href":"https:\/\/www.buntes-meissen.de\/index.php\/wp-json\/wp\/v2\/posts\/299\/revisions\/302"}],"wp:featuredmedia":[{"embeddable":true,"href":"https:\/\/www.buntes-meissen.de\/index.php\/wp-json\/wp\/v2\/media\/300"}],"wp:attachment":[{"href":"https:\/\/www.buntes-meissen.de\/index.php\/wp-json\/wp\/v2\/media?parent=299"}],"wp:term":[{"taxonomy":"category","embeddable":true,"href":"https:\/\/www.buntes-meissen.de\/index.php\/wp-json\/wp\/v2\/categories?post=299"},{"taxonomy":"post_tag","embeddable":true,"href":"https:\/\/www.buntes-meissen.de\/index.php\/wp-json\/wp\/v2\/tags?post=299"}],"curies":[{"name":"wp","href":"https:\/\/api.w.org\/{rel}","templated":true}]}}