{"id":439,"date":"2023-04-12T08:02:27","date_gmt":"2023-04-12T08:02:27","guid":{"rendered":"https:\/\/www.buntes-meissen.de\/?p=439"},"modified":"2023-04-12T08:02:27","modified_gmt":"2023-04-12T08:02:27","slug":"backtag-im-internationalen-garten-14-04-2023","status":"publish","type":"post","link":"https:\/\/www.buntes-meissen.de\/index.php\/2023\/04\/12\/backtag-im-internationalen-garten-14-04-2023\/","title":{"rendered":"Backtag im Internationalen Garten &#8211; 14.04.2023"},"content":{"rendered":"\n<p>Am <strong>14.04.2023<\/strong> veranstalten wir unseren zweiten gemeinsamen Backtag in diesem Jahr. Ab <strong>16 Uhr<\/strong> ist der Ofen hei\u00df und ihr k\u00f6nnt mit euren vorbereiteten Teigen f\u00fcr Brot, Kuchen oder Pizza zu uns kommen und backen.<\/p>\n\n\n\n<p><strong>Ort: <\/strong>Internationaler Garten (Gro\u00dfenhainer Stra\u00dfe 161, Mei\u00dfen)<\/p>\n\n\n\n<figure class=\"wp-block-image size-full\"><img loading=\"lazy\" decoding=\"async\" width=\"864\" height=\"875\" src=\"https:\/\/www.buntes-meissen.de\/wp-content\/uploads\/2023\/04\/backtag0423.jpg\" alt=\"\" class=\"wp-image-440\" srcset=\"https:\/\/www.buntes-meissen.de\/wp-content\/uploads\/2023\/04\/backtag0423.jpg 864w, https:\/\/www.buntes-meissen.de\/wp-content\/uploads\/2023\/04\/backtag0423-296x300.jpg 296w, https:\/\/www.buntes-meissen.de\/wp-content\/uploads\/2023\/04\/backtag0423-768x778.jpg 768w\" sizes=\"auto, (max-width: 864px) 100vw, 864px\" \/><\/figure>\n","protected":false},"excerpt":{"rendered":"<p>Am 14.04.2023 veranstalten wir unseren zweiten gemeinsamen Backtag in diesem Jahr. Ab 16 Uhr ist der Ofen hei\u00df und ihr k\u00f6nnt mit euren vorbereiteten Teigen f\u00fcr Brot, Kuchen oder Pizza zu uns kommen und backen. Ort: Internationaler Garten (Gro\u00dfenhainer Stra\u00dfe 161, Mei\u00dfen)<\/p>\n","protected":false},"author":1,"featured_media":440,"comment_status":"open","ping_status":"open","sticky":false,"template":"","format":"standard","meta":{"pgc_sgb_lightbox_settings":"","footnotes":""},"categories":[3,60,4],"tags":[61,7,11],"class_list":["post-439","post","type-post","status-publish","format-standard","has-post-thumbnail","hentry","category-allgemein","category-internationaler-garten","category-veranstaltung","tag-internationaler-garten","tag-meissen","tag-veranstaltung"],"_links":{"self":[{"href":"https:\/\/www.buntes-meissen.de\/index.php\/wp-json\/wp\/v2\/posts\/439","targetHints":{"allow":["GET"]}}],"collection":[{"href":"https:\/\/www.buntes-meissen.de\/index.php\/wp-json\/wp\/v2\/posts"}],"about":[{"href":"https:\/\/www.buntes-meissen.de\/index.php\/wp-json\/wp\/v2\/types\/post"}],"author":[{"embeddable":true,"href":"https:\/\/www.buntes-meissen.de\/index.php\/wp-json\/wp\/v2\/users\/1"}],"replies":[{"embeddable":true,"href":"https:\/\/www.buntes-meissen.de\/index.php\/wp-json\/wp\/v2\/comments?post=439"}],"version-history":[{"count":1,"href":"https:\/\/www.buntes-meissen.de\/index.php\/wp-json\/wp\/v2\/posts\/439\/revisions"}],"predecessor-version":[{"id":441,"href":"https:\/\/www.buntes-meissen.de\/index.php\/wp-json\/wp\/v2\/posts\/439\/revisions\/441"}],"wp:featuredmedia":[{"embeddable":true,"href":"https:\/\/www.buntes-meissen.de\/index.php\/wp-json\/wp\/v2\/media\/440"}],"wp:attachment":[{"href":"https:\/\/www.buntes-meissen.de\/index.php\/wp-json\/wp\/v2\/media?parent=439"}],"wp:term":[{"taxonomy":"category","embeddable":true,"href":"https:\/\/www.buntes-meissen.de\/index.php\/wp-json\/wp\/v2\/categories?post=439"},{"taxonomy":"post_tag","embeddable":true,"href":"https:\/\/www.buntes-meissen.de\/index.php\/wp-json\/wp\/v2\/tags?post=439"}],"curies":[{"name":"wp","href":"https:\/\/api.w.org\/{rel}","templated":true}]}}