{"id":455,"date":"2023-06-01T10:26:47","date_gmt":"2023-06-01T10:26:47","guid":{"rendered":"https:\/\/www.buntes-meissen.de\/?p=455"},"modified":"2023-06-06T08:55:48","modified_gmt":"2023-06-06T08:55:48","slug":"interkulturelle-buehne-auf-dem-literaturfest-in-meissen-am-10-06-2023","status":"publish","type":"post","link":"https:\/\/www.buntes-meissen.de\/index.php\/2023\/06\/01\/interkulturelle-buehne-auf-dem-literaturfest-in-meissen-am-10-06-2023\/","title":{"rendered":"INTERKULTURELLE B\u00dcHNE auf dem Literaturfest in Mei\u00dfen am 10.06.2023"},"content":{"rendered":"\n<p>Wir freuen uns, dass wir auch in diesem Jahr beim Literaturfest Mei\u00dfen mit der Interkulturellen B\u00fchne vertreten sein werden.<\/p>\n\n\n\n<p>Die Interkulturelle B\u00fchne unter dem Motto \u201eSchauplatz f\u00fcr Vielfalt, Begegnung und Perspektivwechsel\u201c findet am<\/p>\n\n\n\n<p><strong>Samstag, 10. Juni 2023 ab 12 Uhr <\/strong>auf dem <strong>Heinrichsplatz, 01662 Mei\u00dfen <\/strong>statt.<\/p>\n\n\n\n<p>Diakonie Mei\u00dfen und das Bunte Mei\u00dfen \u2013 B\u00fcndnis f\u00fcr Zivilcourage e.V. organisieren bereits zum dritten Mal gemeinsam die Interkulturelle B\u00fchne auf dem Literaturfest in Mei\u00dfen. Freut euch auf insgesamt sieben Lesungen, die in diesem Jahr v. a. politischen Charakter tragen.<\/p>\n\n\n\n<p><strong>UNSERE HIGHLIGHTS am Samstag, 10.06.2023:<\/strong><\/p>\n\n\n\n<p><strong>17:00 Uhr &#8211; Seyran Ate<\/strong><strong>\u015f<\/strong>&nbsp;<strong>&nbsp;&#8211; Wahlheimat: Warum ich Deutschland lieben m\u00f6chte<\/strong><\/p>\n\n\n\n<p>&#8222;Ich lebe in einem Land, das mich sch\u00fctzt, wenn ich wegen meiner Meinung bedroht werde. In Deutschland kann man als Freigeist vom Staat gesch\u00fctzt werden, in der T\u00fcrkei kann man als kritischer Publizist im Gef\u00e4ngnis landen.&#8220; Erst, wenn wir die Freiheit verlieren, erkennen wir, dass sie durch nichts zu ersetzen ist.<\/p>\n\n\n\n<p>Seyran Ate\u015f&nbsp;&nbsp;hat um die Freiheit gek\u00e4mpft &#8211; um ihre eigene und die der Frauen, deren Rechte sie verteidigt. Als in Istanbul geb\u00fcrtige Deutscht\u00fcrkin ist f\u00fcr sie das Recht auf freie Meinungs\u00e4u\u00dferung und Selbstentfaltung nichts Selbstverst\u00e4ndliches, sondern ein Privileg, das es zu sch\u00fctzen gilt. Seyran Ate\u015f&nbsp;schreibt ein engagiertes Pl\u00e4doyer f\u00fcr die Freiheit, die Menschenw\u00fcrde und unsere Verfassung. Sie fordert auf, diese Errungenschaften gegen Angriffe von Rechtsradikalen und Fundamentalisten beherzt zu verteidigen und unsere politische Kultur aktiv mitzugestalten.<\/p>\n\n\n\n<p><strong>20:30 Uhr Jakob Springfeld &#8211; Unter Nazis &#8211; Jung, ostdeutsch, gegen Rechts<\/strong><\/p>\n\n\n\n<p>&#8222;Hoffentlich holt der nicht mehr lange Luft.&#8220; Oder: &#8222;Gleich in die Fresse schlagen.&#8220; Beleidigungen, offener Hass und Gewaltandrohungen dieser Art geh\u00f6ren zum Alltag von Jakob Springfeld. Der 18-J\u00e4hrige ist einer der wenigen jungen Leute in Sachsen, die sich politisch f\u00fcr das linke Lager engagieren. Der junge Autor k\u00e4mpft gegen Rechts, gegen Hass und auch gegen seine Angst. Aufgeben kommt f\u00fcr ihn nicht in Frage.<\/p>\n\n\n\n<p>Jakob Springfeld ist Student, 2002 in Zwickau geboren und aufgewachsen. In Stuttgart erhielt er die Theodor-Heuss-Medaille f\u00fcr besonderes Engagement f\u00fcr Demokratie und B\u00fcrgerrechte. ZEIT-Campus hat ihn zu den 100 wichtigsten Ostdeutschen ernannt. In seinem Buch beschreibt er, warum im Osten der Boden f\u00fcr die Instrumentalisierung von Existenz\u00e4ngsten besonders fruchtbar ist. Aber struktureller Rassismus und Rechtsextremismus sind Probleme, aus denen eine gesamtdeutsche Bedrohung hervorgeht, in Halle wie in Hanau.<\/p>\n\n\n\n<p>Weitere Information zur Interkulturellen B\u00fchne und unserem Programm gibt es auf den folgenden Webseiten und Social Media Kan\u00e4len:<\/p>\n\n\n\n<p><a href=\"https:\/\/literaturfest-meissen.de\/\">https:\/\/literaturfest-meissen.de\/<\/a><\/p>\n\n\n\n<p><a href=\"https:\/\/www.buntes-meissen.de\/\">https:\/\/www.buntes-meissen.de\/<\/a><\/p>\n\n\n\n<p><a href=\"https:\/\/www.diakonie-meissen.de\/\">https:\/\/www.diakonie-meissen.de\/<\/a><\/p>\n\n\n\n<p><a href=\"https:\/\/www.facebook.com\/diakonie.meissen.de\">https:\/\/www.facebook.com\/diakonie.meissen.de<\/a><\/p>\n\n\n\n<p><a href=\"https:\/\/www.facebook.com\/BuntesM\">https:\/\/www.facebook.com\/BuntesM<\/a><\/p>\n\n\n\n<figure class=\"wp-block-image size-large\"><img loading=\"lazy\" decoding=\"async\" width=\"729\" height=\"1024\" src=\"https:\/\/www.buntes-meissen.de\/wp-content\/uploads\/2023\/06\/bm_plakat_A5_literaturfest_2023-729x1024.jpg\" alt=\"\" class=\"wp-image-456\" srcset=\"https:\/\/www.buntes-meissen.de\/wp-content\/uploads\/2023\/06\/bm_plakat_A5_literaturfest_2023-729x1024.jpg 729w, https:\/\/www.buntes-meissen.de\/wp-content\/uploads\/2023\/06\/bm_plakat_A5_literaturfest_2023-214x300.jpg 214w, https:\/\/www.buntes-meissen.de\/wp-content\/uploads\/2023\/06\/bm_plakat_A5_literaturfest_2023-768x1078.jpg 768w, https:\/\/www.buntes-meissen.de\/wp-content\/uploads\/2023\/06\/bm_plakat_A5_literaturfest_2023.jpg 909w\" sizes=\"auto, (max-width: 729px) 100vw, 729px\" \/><\/figure>\n","protected":false},"excerpt":{"rendered":"<p>Wir freuen uns, dass wir auch in diesem Jahr beim Literaturfest Mei\u00dfen mit der Interkulturellen B\u00fchne vertreten sein werden. Die Interkulturelle B\u00fchne unter dem Motto \u201eSchauplatz f\u00fcr Vielfalt, Begegnung und Perspektivwechsel\u201c findet am Samstag, 10. Juni 2023 ab 12 Uhr auf dem Heinrichsplatz, 01662 Mei\u00dfen statt. Diakonie Mei\u00dfen und das Bunte Mei\u00dfen \u2013 B\u00fcndnis f\u00fcr&#8230; <\/p>\n<div class=\"link-more\"><a href=\"https:\/\/www.buntes-meissen.de\/index.php\/2023\/06\/01\/interkulturelle-buehne-auf-dem-literaturfest-in-meissen-am-10-06-2023\/\">Weiterlesen<\/a><\/div>\n","protected":false},"author":1,"featured_media":456,"comment_status":"open","ping_status":"open","sticky":false,"template":"","format":"standard","meta":{"pgc_sgb_lightbox_settings":"","footnotes":""},"categories":[3,81,4],"tags":[56,52,7,99,11],"class_list":["post-455","post","type-post","status-publish","format-standard","has-post-thumbnail","hentry","category-allgemein","category-rechtsextremismus","category-veranstaltung","tag-interkulturelle-buehne","tag-literaturfest","tag-meissen","tag-springfeld","tag-veranstaltung"],"_links":{"self":[{"href":"https:\/\/www.buntes-meissen.de\/index.php\/wp-json\/wp\/v2\/posts\/455","targetHints":{"allow":["GET"]}}],"collection":[{"href":"https:\/\/www.buntes-meissen.de\/index.php\/wp-json\/wp\/v2\/posts"}],"about":[{"href":"https:\/\/www.buntes-meissen.de\/index.php\/wp-json\/wp\/v2\/types\/post"}],"author":[{"embeddable":true,"href":"https:\/\/www.buntes-meissen.de\/index.php\/wp-json\/wp\/v2\/users\/1"}],"replies":[{"embeddable":true,"href":"https:\/\/www.buntes-meissen.de\/index.php\/wp-json\/wp\/v2\/comments?post=455"}],"version-history":[{"count":2,"href":"https:\/\/www.buntes-meissen.de\/index.php\/wp-json\/wp\/v2\/posts\/455\/revisions"}],"predecessor-version":[{"id":478,"href":"https:\/\/www.buntes-meissen.de\/index.php\/wp-json\/wp\/v2\/posts\/455\/revisions\/478"}],"wp:featuredmedia":[{"embeddable":true,"href":"https:\/\/www.buntes-meissen.de\/index.php\/wp-json\/wp\/v2\/media\/456"}],"wp:attachment":[{"href":"https:\/\/www.buntes-meissen.de\/index.php\/wp-json\/wp\/v2\/media?parent=455"}],"wp:term":[{"taxonomy":"category","embeddable":true,"href":"https:\/\/www.buntes-meissen.de\/index.php\/wp-json\/wp\/v2\/categories?post=455"},{"taxonomy":"post_tag","embeddable":true,"href":"https:\/\/www.buntes-meissen.de\/index.php\/wp-json\/wp\/v2\/tags?post=455"}],"curies":[{"name":"wp","href":"https:\/\/api.w.org\/{rel}","templated":true}]}}