{"id":513,"date":"2023-06-15T09:47:24","date_gmt":"2023-06-15T09:47:24","guid":{"rendered":"https:\/\/www.buntes-meissen.de\/?p=513"},"modified":"2023-06-15T09:47:47","modified_gmt":"2023-06-15T09:47:47","slug":"sommer-akademie-junior-ab-28-06-2023","status":"publish","type":"post","link":"https:\/\/www.buntes-meissen.de\/index.php\/2023\/06\/15\/sommer-akademie-junior-ab-28-06-2023\/","title":{"rendered":"Sommer Akademie Junior ab 28.06.2023"},"content":{"rendered":"\n<p>Die Sommer Akademie Junior ist ein Programm f\u00fcr <strong>Kinder im Vorschulalter (4 bis 7 Jahre)<\/strong>, die infolge von Russlands Angriffskrieg gegen die <strong>Ukraine <\/strong>Zuflucht im Landkreis Mei\u00dfen gefunden haben. \u00dcber gemeinsame Erkundungen in und um Mei\u00dfen f\u00fchrt es die Kinder themenbezogen, lebensnah und spielerisch an die neue Umgebung heran und macht sie dabei mit der deutschen Sprache vertraut.<\/p>\n\n\n\n<p><strong>Flyer deutsch\/ukrainisch:<\/strong>  <a href=\"https:\/\/www.buntes-meissen.de\/wp-content\/uploads\/2023\/06\/Einladung-Sommer-Akademie-Junior-Meissen_2023.pdf\" data-type=\"URL\" data-id=\"https:\/\/www.buntes-meissen.de\/wp-content\/uploads\/2023\/06\/Einladung-Sommer-Akademie-Junior-Meissen_2023.pdf\" target=\"_blank\" rel=\"noreferrer noopener\">https:\/\/www.buntes-meissen.de\/wp-content\/uploads\/2023\/06\/Einladung-Sommer-Akademie-Junior-Meissen_2023.pdf<\/a><\/p>\n\n\n\n<p><strong>Themen<\/strong><\/p>\n\n\n\n<ul class=\"wp-block-list\">\n<li>Ich &amp; Du \u2013 wir lernen uns kennen, drau\u00dfen beim Spielen<\/li>\n\n\n\n<li>Mein Einkaufskorb \u2013 wir machen einen Stadtbummel, besuchen ein paar L\u00e4den und lassen den Nachmittag mit Eis ausklingen<\/li>\n\n\n\n<li>Dorf und Stadt \u2013 wir machen einen Stadtbummel und besuchen eine Kirche, das Rathaus\u2026<\/li>\n\n\n\n<li>Verkehr und Transport \u2013 wir machen einen Ausflug nach Dresden mit der S-Bahn und besuchen das Verkehrsmuseum<\/li>\n\n\n\n<li>Tiere \u2013 wir machen einen Ausflug in den Tierpark Hebelei<\/li>\n\n\n\n<li>Musik \u2013 wir treffen eine Musikerin, schauen uns Instrumente an und singen<\/li>\n\n\n\n<li>Kunst \u2013 wir schauen uns in der G\u00f6rnischen Gasse um, treffen K\u00fcnstler in ihren Ateliers und malen<\/li>\n<\/ul>\n\n\n\n<p><strong>Termine (jeweils nachmittags ab 15:00 Uhr)<\/strong><\/p>\n\n\n\n<ul class=\"wp-block-list\">\n<li>Mittwoch, 28.06.2023<\/li>\n\n\n\n<li>Mittwoch, 05.07.2023<\/li>\n\n\n\n<li>Mittwoch, 12.07.2023<\/li>\n\n\n\n<li>Dienstag, 18.07.2023<\/li>\n\n\n\n<li>Dienstag, 25.07.2023<\/li>\n\n\n\n<li>Mittwoch, 02.08.2023<\/li>\n\n\n\n<li>Mittwoch, 09.08.2023<\/li>\n<\/ul>\n\n\n\n<p><strong>Anmeldung<\/strong><\/p>\n\n\n\n<p>S\u00f6ren Skalicks<br>Buntes Mei\u00dfen e.V.<br><a href=\"mailto:info@buntes-meissen.de\">info@buntes-meissen.de<\/a><br>03521\/4889798<\/p>\n\n\n\n<p><strong>Leitung<\/strong><\/p>\n\n\n\n<p>Dr. Julia Gerlach<br>Evangelische Akademie Sachsen<br><a href=\"mailto:julia.gerlach@evlks.de\">julia.gerlach@evlks.de<\/a><br>0151\/11149041<\/p>\n","protected":false},"excerpt":{"rendered":"<p>Die Sommer Akademie Junior ist ein Programm f\u00fcr Kinder im Vorschulalter (4 bis 7 Jahre), die infolge von Russlands Angriffskrieg gegen die Ukraine Zuflucht im Landkreis Mei\u00dfen gefunden haben. \u00dcber gemeinsame Erkundungen in und um Mei\u00dfen f\u00fchrt es die Kinder themenbezogen, lebensnah und spielerisch an die neue Umgebung heran und macht sie dabei mit der&#8230; <\/p>\n<div class=\"link-more\"><a href=\"https:\/\/www.buntes-meissen.de\/index.php\/2023\/06\/15\/sommer-akademie-junior-ab-28-06-2023\/\">Weiterlesen<\/a><\/div>\n","protected":false},"author":1,"featured_media":514,"comment_status":"open","ping_status":"open","sticky":false,"template":"","format":"standard","meta":{"pgc_sgb_lightbox_settings":"","footnotes":""},"categories":[3,12,4],"tags":[102,8,16,7,101,13,11],"class_list":["post-513","post","type-post","status-publish","format-standard","has-post-thumbnail","hentry","category-allgemein","category-ukraine","category-veranstaltung","tag-akademie","tag-gefluechtete","tag-krieg","tag-meissen","tag-sommer","tag-ukraine","tag-veranstaltung"],"_links":{"self":[{"href":"https:\/\/www.buntes-meissen.de\/index.php\/wp-json\/wp\/v2\/posts\/513","targetHints":{"allow":["GET"]}}],"collection":[{"href":"https:\/\/www.buntes-meissen.de\/index.php\/wp-json\/wp\/v2\/posts"}],"about":[{"href":"https:\/\/www.buntes-meissen.de\/index.php\/wp-json\/wp\/v2\/types\/post"}],"author":[{"embeddable":true,"href":"https:\/\/www.buntes-meissen.de\/index.php\/wp-json\/wp\/v2\/users\/1"}],"replies":[{"embeddable":true,"href":"https:\/\/www.buntes-meissen.de\/index.php\/wp-json\/wp\/v2\/comments?post=513"}],"version-history":[{"count":3,"href":"https:\/\/www.buntes-meissen.de\/index.php\/wp-json\/wp\/v2\/posts\/513\/revisions"}],"predecessor-version":[{"id":518,"href":"https:\/\/www.buntes-meissen.de\/index.php\/wp-json\/wp\/v2\/posts\/513\/revisions\/518"}],"wp:featuredmedia":[{"embeddable":true,"href":"https:\/\/www.buntes-meissen.de\/index.php\/wp-json\/wp\/v2\/media\/514"}],"wp:attachment":[{"href":"https:\/\/www.buntes-meissen.de\/index.php\/wp-json\/wp\/v2\/media?parent=513"}],"wp:term":[{"taxonomy":"category","embeddable":true,"href":"https:\/\/www.buntes-meissen.de\/index.php\/wp-json\/wp\/v2\/categories?post=513"},{"taxonomy":"post_tag","embeddable":true,"href":"https:\/\/www.buntes-meissen.de\/index.php\/wp-json\/wp\/v2\/tags?post=513"}],"curies":[{"name":"wp","href":"https:\/\/api.w.org\/{rel}","templated":true}]}}