{"id":626,"date":"2024-01-16T08:36:57","date_gmt":"2024-01-16T08:36:57","guid":{"rendered":"https:\/\/www.buntes-meissen.de\/?p=626"},"modified":"2024-01-16T08:41:58","modified_gmt":"2024-01-16T08:41:58","slug":"holocaust-gedenktag-am-27-01-2024-gedenken-und-jiddische-lieder-geschichten","status":"publish","type":"post","link":"https:\/\/www.buntes-meissen.de\/index.php\/2024\/01\/16\/holocaust-gedenktag-am-27-01-2024-gedenken-und-jiddische-lieder-geschichten\/","title":{"rendered":"Holocaust &#8211; Gedenktag am 27.01.2024 &#8211; Gedenken und Jiddische Lieder &#038; Geschichten"},"content":{"rendered":"\n<p>In Deutschland wird seit dem Aufruf des Bundespr\u00e4sidenten zum 27.01.1996 mit dem\u00a0 Holocaust &#8211; Gedenktag an das ungeheuerliche Unrecht der Verfolgung, Vertreibung und industriellen Vernichtung des europ\u00e4ischen Judentums erinnert. Die Nazis hatten 1940 schon den Plan, vier Millionen j\u00fcdischer Menschen nach Madagaskar zu deportieren. Es ist unbegreiflich, aber entlarvend, dass \u00e4hnliche Deportationspl\u00e4ne gegen\u00fcber Migranten und &#8222;Nichtassimilierten&#8220; von Vertretern der rechten Szene, der AfD und der Identit\u00e4ren Bewegung vor wenigen Wochen und nur wenige Kilometer vom Ort der Wannseekonferenz entfernt gefasst wurden, wo die systematische Vernichtung des Judentums beschlossen wurde.<\/p>\n\n\n\n<p>Im Andenken an die Opfer des Nationalsozialismus l\u00e4dt die Stadt Mei\u00dfen an diesem Tag um <strong>13.00 Uhr<\/strong> zum Denkmal an der Kerstingstra\u00dfe, um des Ungeheuerlichen zu erinnern. Die Kirchgemeinde St. Afra l\u00e4dt im Anschluss um <strong>14.00 Uhr<\/strong> in die nahegelegene (leider unbeheizbare) Nikolaikirche zu einer Gedenkandacht. Das Bunte Mei\u00dfen &#8211; B\u00fcndnis Zivilcourage veranstaltet erstmalig gemeinsam mit der B\u00fcrgerinitiative Stolpersteine Meissen um 19.30 Uhr&nbsp; ein Gedenkkonzert mit den Liedern des vernichteten Judentums im Saal am Haus der Kirche Markt 10. Wir wollen dort auch besprechen, wie wir diesem Ungeist begegnen k\u00f6nnen.<\/p>\n\n\n\n<p>Daher laden wir Euch zusammen mit der <strong>B\u00fcrgerinitiative Stolpersteine Mei\u00dfen e.V.<\/strong> ein zur Veranstaltung<\/p>\n\n\n\n<p><strong>Olaf Ruhl Singt ojf Jiddisch! &#8211; Jiddische Lieder &amp; Geschichten<\/strong><br><strong>Wann: <\/strong>27.01.2024 &#8211; 19:30 Uhr<br><strong>Eintritt: <\/strong>Kostenlos \u2013 um eine Spende vor Ort wird gebeten<\/p>\n\n\n\n<p><strong>Veranstaltungsort: <\/strong>Markt 10, 01662 Mei\u00dfen<\/p>\n\n\n\n<p><em>Olaf Ruhl, Jahrgang 1964, stammt aus dem Rheinland, ist christlich erzogen und aufgewachsen, aber mit dem Bewusstsein, eine j\u00fcdische Urgro\u00dfmutter (gehabt) zu haben.&nbsp; Seit 2007 tritt er mit seinem Programm \u201eSingt ojf Jiddisch! \u2013 Jiddische Lieder &amp; Geschichten\u201c auf. Es ist eine musikalische Einf\u00fchrung in die jiddische Musik, Sprache und Kultur; mit Liedern, Gedichten und Anekdoten; mit Stimme, Akkordeon und Gitarre und hoffentlich gro\u00dfem interessiertem Publikum.<\/em><\/p>\n\n\n\n<p>Bildrechte: Olaf Ruhl, Jens Schulze<\/p>\n\n\n\n<figure class=\"wp-block-image size-large\"><img loading=\"lazy\" decoding=\"async\" width=\"682\" height=\"1024\" src=\"https:\/\/www.buntes-meissen.de\/wp-content\/uploads\/2024\/01\/Olaf-Ruhl-207-01-24-Meissen-682x1024.jpg\" alt=\"\" class=\"wp-image-627\" srcset=\"https:\/\/www.buntes-meissen.de\/wp-content\/uploads\/2024\/01\/Olaf-Ruhl-207-01-24-Meissen-682x1024.jpg 682w, https:\/\/www.buntes-meissen.de\/wp-content\/uploads\/2024\/01\/Olaf-Ruhl-207-01-24-Meissen-200x300.jpg 200w, https:\/\/www.buntes-meissen.de\/wp-content\/uploads\/2024\/01\/Olaf-Ruhl-207-01-24-Meissen-768x1152.jpg 768w, https:\/\/www.buntes-meissen.de\/wp-content\/uploads\/2024\/01\/Olaf-Ruhl-207-01-24-Meissen-1024x1536.jpg 1024w, https:\/\/www.buntes-meissen.de\/wp-content\/uploads\/2024\/01\/Olaf-Ruhl-207-01-24-Meissen-1365x2048.jpg 1365w, https:\/\/www.buntes-meissen.de\/wp-content\/uploads\/2024\/01\/Olaf-Ruhl-207-01-24-Meissen-scaled.jpg 1706w\" sizes=\"auto, (max-width: 682px) 100vw, 682px\" \/><\/figure>\n","protected":false},"excerpt":{"rendered":"<p>In Deutschland wird seit dem Aufruf des Bundespr\u00e4sidenten zum 27.01.1996 mit dem\u00a0 Holocaust &#8211; Gedenktag an das ungeheuerliche Unrecht der Verfolgung, Vertreibung und industriellen Vernichtung des europ\u00e4ischen Judentums erinnert. Die Nazis hatten 1940 schon den Plan, vier Millionen j\u00fcdischer Menschen nach Madagaskar zu deportieren. Es ist unbegreiflich, aber entlarvend, dass \u00e4hnliche Deportationspl\u00e4ne gegen\u00fcber Migranten und&#8230; <\/p>\n<div class=\"link-more\"><a href=\"https:\/\/www.buntes-meissen.de\/index.php\/2024\/01\/16\/holocaust-gedenktag-am-27-01-2024-gedenken-und-jiddische-lieder-geschichten\/\">Weiterlesen<\/a><\/div>\n","protected":false},"author":1,"featured_media":627,"comment_status":"open","ping_status":"open","sticky":false,"template":"","format":"standard","meta":{"pgc_sgb_lightbox_settings":"","footnotes":""},"categories":[3,89,81,4],"tags":[91,90,7,122,11],"class_list":["post-626","post","type-post","status-publish","format-standard","has-post-thumbnail","hentry","category-allgemein","category-gedenken","category-rechtsextremismus","category-veranstaltung","tag-gedenken","tag-holocaust","tag-meissen","tag-stolpersteine","tag-veranstaltung"],"_links":{"self":[{"href":"https:\/\/www.buntes-meissen.de\/index.php\/wp-json\/wp\/v2\/posts\/626","targetHints":{"allow":["GET"]}}],"collection":[{"href":"https:\/\/www.buntes-meissen.de\/index.php\/wp-json\/wp\/v2\/posts"}],"about":[{"href":"https:\/\/www.buntes-meissen.de\/index.php\/wp-json\/wp\/v2\/types\/post"}],"author":[{"embeddable":true,"href":"https:\/\/www.buntes-meissen.de\/index.php\/wp-json\/wp\/v2\/users\/1"}],"replies":[{"embeddable":true,"href":"https:\/\/www.buntes-meissen.de\/index.php\/wp-json\/wp\/v2\/comments?post=626"}],"version-history":[{"count":3,"href":"https:\/\/www.buntes-meissen.de\/index.php\/wp-json\/wp\/v2\/posts\/626\/revisions"}],"predecessor-version":[{"id":630,"href":"https:\/\/www.buntes-meissen.de\/index.php\/wp-json\/wp\/v2\/posts\/626\/revisions\/630"}],"wp:featuredmedia":[{"embeddable":true,"href":"https:\/\/www.buntes-meissen.de\/index.php\/wp-json\/wp\/v2\/media\/627"}],"wp:attachment":[{"href":"https:\/\/www.buntes-meissen.de\/index.php\/wp-json\/wp\/v2\/media?parent=626"}],"wp:term":[{"taxonomy":"category","embeddable":true,"href":"https:\/\/www.buntes-meissen.de\/index.php\/wp-json\/wp\/v2\/categories?post=626"},{"taxonomy":"post_tag","embeddable":true,"href":"https:\/\/www.buntes-meissen.de\/index.php\/wp-json\/wp\/v2\/tags?post=626"}],"curies":[{"name":"wp","href":"https:\/\/api.w.org\/{rel}","templated":true}]}}