{"id":640,"date":"2024-02-08T12:39:00","date_gmt":"2024-02-08T12:39:00","guid":{"rendered":"https:\/\/www.buntes-meissen.de\/?p=640"},"modified":"2024-02-08T12:39:00","modified_gmt":"2024-02-08T12:39:00","slug":"rueckblick-es-geht-immer-weiter-jenny-und-die-roma-kinder-filmpalast-meissen","status":"publish","type":"post","link":"https:\/\/www.buntes-meissen.de\/index.php\/2024\/02\/08\/rueckblick-es-geht-immer-weiter-jenny-und-die-roma-kinder-filmpalast-meissen\/","title":{"rendered":"R\u00fcckblick \u201eEs geht immer weiter\u201c \u2013 Jenny und die Roma-Kinder &#8211; Filmpalast Mei\u00dfen"},"content":{"rendered":"\n<p>Am 19.01.2024 wurde im gut besuchten Kino Mei\u00dfen die sechste Folge des Filmes &#8222;Jenny und die Roma-Kinder&#8220; aufgef\u00fchrt.\u00a0 Zus\u00e4tzlich moderierte Bernd Oehler ein Gespr\u00e4ch mit der Filmemacherin Antje Schneider, mit Susanne Blank, der Schwester von Jenny und wichtiger Helferin im Unterst\u00fctzer-Verein und mit Anette Rei\u00df, der verantwortlichen Redakteurin beim MDR.\u00a0<\/p>\n\n\n\n<p>Hilfe, und sei sie noch so klein, ist f\u00fcr die Arbeit des Vereins &#8222;Kinderhilfe f\u00fcr Siebenb\u00fcrgen e.V.\u201c existentiell.&nbsp; Wer von Ihnen die Arbeit von Jenny Rasche mitfinanzieren kann und mag, kann dies \u00fcber die folgenden M\u00f6glichkeiten tun.<\/p>\n\n\n\n<p><strong>Spendenkonten Kinderhilfe f\u00fcr Siebenb\u00fcrgen e.V.<\/strong><\/p>\n\n\n\n<p><strong>IBAN: DE16 8105 2000 0300 6459 61 (Sparkasse)&nbsp;<\/strong><\/p>\n\n\n\n<p>oder&nbsp;<\/p>\n\n\n\n<p><strong>IBAN: DE65 8006 3508 5100 2701 00 (Volksbank)&nbsp;<\/strong><\/p>\n\n\n\n<p>Weiterhin sind \u00dcberweisungen auch \u00fcber <strong>PayPal<\/strong> m\u00f6glich: <a href=\"https:\/\/www.paypal.com\/donate?token=GHX1Vtx687DbvEmnlpZEYK61REnUicfA5LxSz6btjzTfI5PgKqJnSIJO-NTIPriLTluwe_CnN1jZlya2\">https:\/\/www.paypal.com\/donate?token=GHX1Vtx687DbvEmnlpZEYK61REnUicfA5LxSz6btjzTfI5PgKqJnSIJO-NTIPriLTluwe_CnN1jZlya2<\/a><\/p>\n\n\n\n<p>Alle Folgen &nbsp;von \u201eJenny und die Roma-Kinder\u201c k\u00f6nnen weiterhin online abgerufen werden.<\/p>\n\n\n\n<p><a href=\"https:\/\/www.ardmediathek.de\/serie\/jenny-und-die-roma-kinder\/staffel-1\/Y3JpZDovL21kci5kZS9zZW5kZXJlaWhlbi8wZWFlMjY2ZC0wMmNhLTQzNGUtYTk3Ni01MzVmNmU2YjM2NjU\/1\">Jenny und die Roma-Kinder &#8211; Videos der Sendung | ARD Mediathek<\/a><\/p>\n\n\n\n<figure class=\"wp-block-image size-full\"><img loading=\"lazy\" decoding=\"async\" width=\"640\" height=\"480\" src=\"https:\/\/www.buntes-meissen.de\/wp-content\/uploads\/2024\/02\/Rueckblick1.jpg\" alt=\"\" class=\"wp-image-641\" srcset=\"https:\/\/www.buntes-meissen.de\/wp-content\/uploads\/2024\/02\/Rueckblick1.jpg 640w, https:\/\/www.buntes-meissen.de\/wp-content\/uploads\/2024\/02\/Rueckblick1-300x225.jpg 300w, https:\/\/www.buntes-meissen.de\/wp-content\/uploads\/2024\/02\/Rueckblick1-400x300.jpg 400w\" sizes=\"auto, (max-width: 640px) 100vw, 640px\" \/><\/figure>\n\n\n\n<figure class=\"wp-block-image size-full\"><img loading=\"lazy\" decoding=\"async\" width=\"640\" height=\"480\" src=\"https:\/\/www.buntes-meissen.de\/wp-content\/uploads\/2024\/02\/Rueckblick2.jpg\" alt=\"\" class=\"wp-image-642\" srcset=\"https:\/\/www.buntes-meissen.de\/wp-content\/uploads\/2024\/02\/Rueckblick2.jpg 640w, https:\/\/www.buntes-meissen.de\/wp-content\/uploads\/2024\/02\/Rueckblick2-300x225.jpg 300w, https:\/\/www.buntes-meissen.de\/wp-content\/uploads\/2024\/02\/Rueckblick2-400x300.jpg 400w\" sizes=\"auto, (max-width: 640px) 100vw, 640px\" \/><\/figure>\n","protected":false},"excerpt":{"rendered":"<p>Am 19.01.2024 wurde im gut besuchten Kino Mei\u00dfen die sechste Folge des Filmes &#8222;Jenny und die Roma-Kinder&#8220; aufgef\u00fchrt.\u00a0 Zus\u00e4tzlich moderierte Bernd Oehler ein Gespr\u00e4ch mit der Filmemacherin Antje Schneider, mit Susanne Blank, der Schwester von Jenny und wichtiger Helferin im Unterst\u00fctzer-Verein und mit Anette Rei\u00df, der verantwortlichen Redakteurin beim MDR.\u00a0 Hilfe, und sei sie noch&#8230; <\/p>\n<div class=\"link-more\"><a href=\"https:\/\/www.buntes-meissen.de\/index.php\/2024\/02\/08\/rueckblick-es-geht-immer-weiter-jenny-und-die-roma-kinder-filmpalast-meissen\/\">Weiterlesen<\/a><\/div>\n","protected":false},"author":1,"featured_media":642,"comment_status":"open","ping_status":"open","sticky":false,"template":"","format":"standard","meta":{"pgc_sgb_lightbox_settings":"","footnotes":""},"categories":[3,19,4],"tags":[121,7,11],"class_list":["post-640","post","type-post","status-publish","format-standard","has-post-thumbnail","hentry","category-allgemein","category-spenden","category-veranstaltung","tag-jenny-und-die-roma-kinder","tag-meissen","tag-veranstaltung"],"_links":{"self":[{"href":"https:\/\/www.buntes-meissen.de\/index.php\/wp-json\/wp\/v2\/posts\/640","targetHints":{"allow":["GET"]}}],"collection":[{"href":"https:\/\/www.buntes-meissen.de\/index.php\/wp-json\/wp\/v2\/posts"}],"about":[{"href":"https:\/\/www.buntes-meissen.de\/index.php\/wp-json\/wp\/v2\/types\/post"}],"author":[{"embeddable":true,"href":"https:\/\/www.buntes-meissen.de\/index.php\/wp-json\/wp\/v2\/users\/1"}],"replies":[{"embeddable":true,"href":"https:\/\/www.buntes-meissen.de\/index.php\/wp-json\/wp\/v2\/comments?post=640"}],"version-history":[{"count":1,"href":"https:\/\/www.buntes-meissen.de\/index.php\/wp-json\/wp\/v2\/posts\/640\/revisions"}],"predecessor-version":[{"id":643,"href":"https:\/\/www.buntes-meissen.de\/index.php\/wp-json\/wp\/v2\/posts\/640\/revisions\/643"}],"wp:featuredmedia":[{"embeddable":true,"href":"https:\/\/www.buntes-meissen.de\/index.php\/wp-json\/wp\/v2\/media\/642"}],"wp:attachment":[{"href":"https:\/\/www.buntes-meissen.de\/index.php\/wp-json\/wp\/v2\/media?parent=640"}],"wp:term":[{"taxonomy":"category","embeddable":true,"href":"https:\/\/www.buntes-meissen.de\/index.php\/wp-json\/wp\/v2\/categories?post=640"},{"taxonomy":"post_tag","embeddable":true,"href":"https:\/\/www.buntes-meissen.de\/index.php\/wp-json\/wp\/v2\/tags?post=640"}],"curies":[{"name":"wp","href":"https:\/\/api.w.org\/{rel}","templated":true}]}}