{"id":649,"date":"2024-02-20T12:55:56","date_gmt":"2024-02-20T12:55:56","guid":{"rendered":"https:\/\/www.buntes-meissen.de\/?p=649"},"modified":"2024-02-21T13:15:31","modified_gmt":"2024-02-21T13:15:31","slug":"26-02-204-marktplatz-meissen-fuer-menschlichkeit-und-demokratie","status":"publish","type":"post","link":"https:\/\/www.buntes-meissen.de\/index.php\/2024\/02\/20\/26-02-204-marktplatz-meissen-fuer-menschlichkeit-und-demokratie\/","title":{"rendered":"26.02.204 &#8211; Marktplatz\u00a0Mei\u00dfen &#8211; F\u00fcr Menschlichkeit und Demokratie"},"content":{"rendered":"\n<h2 class=\"wp-block-heading has-text-align-center\"><strong>&#8222;F\u00fcr Menschlichkeit und Demokratie.&nbsp;Gemeinsam gegen die Deportationspl\u00e4ne von Rechtsextremisten und Faschisten!&#8220;<\/strong><\/h2>\n\n\n\n<p>Am <strong>26.02.2024<\/strong> wollen wir uns erneut zusammenfinden, um ein klares Zeichen f\u00fcr Menschlichkeit und die Demokratie zu setzen. Seit Anfang Januar waren mindesten 3 Millionen Menschen in Deutschland auf der Stra\u00dfe, um unsere Grundwerte zu verteidigen. Auch in Mei\u00dfen waren am 22.01.2024 B\u00fcrgerinnen und B\u00fcrger, Sch\u00fclerinnen und Sch\u00fcler, Senioren und Kinder f\u00fcr den Frieden auf dem Markt, 700 Menschen wurden gez\u00e4hlt und haben sich erkennbar gemacht.<\/p>\n\n\n\n<p>Daran m\u00f6chten wir ankn\u00fcpfen und laden alle ein zur Kundgebung. Jede und jeder, der das Zusammenfinden mit einer Rede oder einem anderen Beitrag aus dem Spektrum demokratischer Verantwortung bereichern m\u00f6chte, ist dazu herzlich eingeladen und m\u00f6chte das bitte vorher mit Vorstandsmitgliedern oder Mitarbeitern des Bunten Mei\u00dfens absprechen.&nbsp;<\/p>\n\n\n\n<p>So kann ein Band demokratischer Verantwortung weitergekn\u00fcpft werden.<\/p>\n\n\n\n<p><strong>&#8222;F\u00fcr Menschlichkeit und Demokratie.\u00a0Gemeinsam gegen die Deportationspl\u00e4ne von Rechtsextremisten und Faschisten!&#8220;<\/strong><br><strong>Wann:<\/strong> 26.02.2024<br><strong>Wo:<\/strong> Marktplatz Mei\u00dfen<br><strong>Beginn:<\/strong> 19:00 Uhr<\/p>\n\n\n\n<p>Es wird vor Ort Musik, Redebeitr\u00e4ge aus verschiedenen Initiativen, aus der Zivilgesellschaft und von Politiker:innen geben. Angemessene Fahnen, Transparente, Kerzen, Flyer d\u00fcrfen mitgebracht werden. Es ist unsere gemeinsame Verantwortung, als Zivilgesellschaft unsere Demokratie und ein solidarisches Miteinander gegen die extreme Rechte auch hier in Mei\u00dfen zu verteidigen. Zum Gel\u00e4ut von Dom und Frauenkirche findet schon 18:00 Uhr das w\u00f6chentliche Friedensgebet in der Mei\u00dfner Frauenkirche statt, zu welchem jede und jeder eingeladen ist.<\/p>\n\n\n\n<figure class=\"wp-block-image size-large\"><img loading=\"lazy\" decoding=\"async\" width=\"819\" height=\"1024\" src=\"https:\/\/www.buntes-meissen.de\/wp-content\/uploads\/2024\/02\/bm-26.2.24-819x1024.jpg\" alt=\"\" class=\"wp-image-650\" srcset=\"https:\/\/www.buntes-meissen.de\/wp-content\/uploads\/2024\/02\/bm-26.2.24-819x1024.jpg 819w, https:\/\/www.buntes-meissen.de\/wp-content\/uploads\/2024\/02\/bm-26.2.24-240x300.jpg 240w, https:\/\/www.buntes-meissen.de\/wp-content\/uploads\/2024\/02\/bm-26.2.24-768x960.jpg 768w, https:\/\/www.buntes-meissen.de\/wp-content\/uploads\/2024\/02\/bm-26.2.24-1229x1536.jpg 1229w, https:\/\/www.buntes-meissen.de\/wp-content\/uploads\/2024\/02\/bm-26.2.24.jpg 1600w\" sizes=\"auto, (max-width: 819px) 100vw, 819px\" \/><\/figure>\n","protected":false},"excerpt":{"rendered":"<p>&#8222;F\u00fcr Menschlichkeit und Demokratie.&nbsp;Gemeinsam gegen die Deportationspl\u00e4ne von Rechtsextremisten und Faschisten!&#8220; Am 26.02.2024 wollen wir uns erneut zusammenfinden, um ein klares Zeichen f\u00fcr Menschlichkeit und die Demokratie zu setzen. Seit Anfang Januar waren mindesten 3 Millionen Menschen in Deutschland auf der Stra\u00dfe, um unsere Grundwerte zu verteidigen. Auch in Mei\u00dfen waren am 22.01.2024 B\u00fcrgerinnen und&#8230; <\/p>\n<div class=\"link-more\"><a href=\"https:\/\/www.buntes-meissen.de\/index.php\/2024\/02\/20\/26-02-204-marktplatz-meissen-fuer-menschlichkeit-und-demokratie\/\">Weiterlesen<\/a><\/div>\n","protected":false},"author":1,"featured_media":650,"comment_status":"open","ping_status":"open","sticky":false,"template":"","format":"standard","meta":{"pgc_sgb_lightbox_settings":"","footnotes":""},"categories":[3,81,4],"tags":[8,9,7,11],"class_list":["post-649","post","type-post","status-publish","format-standard","has-post-thumbnail","hentry","category-allgemein","category-rechtsextremismus","category-veranstaltung","tag-gefluechtete","tag-kundgebung","tag-meissen","tag-veranstaltung"],"_links":{"self":[{"href":"https:\/\/www.buntes-meissen.de\/index.php\/wp-json\/wp\/v2\/posts\/649","targetHints":{"allow":["GET"]}}],"collection":[{"href":"https:\/\/www.buntes-meissen.de\/index.php\/wp-json\/wp\/v2\/posts"}],"about":[{"href":"https:\/\/www.buntes-meissen.de\/index.php\/wp-json\/wp\/v2\/types\/post"}],"author":[{"embeddable":true,"href":"https:\/\/www.buntes-meissen.de\/index.php\/wp-json\/wp\/v2\/users\/1"}],"replies":[{"embeddable":true,"href":"https:\/\/www.buntes-meissen.de\/index.php\/wp-json\/wp\/v2\/comments?post=649"}],"version-history":[{"count":3,"href":"https:\/\/www.buntes-meissen.de\/index.php\/wp-json\/wp\/v2\/posts\/649\/revisions"}],"predecessor-version":[{"id":654,"href":"https:\/\/www.buntes-meissen.de\/index.php\/wp-json\/wp\/v2\/posts\/649\/revisions\/654"}],"wp:featuredmedia":[{"embeddable":true,"href":"https:\/\/www.buntes-meissen.de\/index.php\/wp-json\/wp\/v2\/media\/650"}],"wp:attachment":[{"href":"https:\/\/www.buntes-meissen.de\/index.php\/wp-json\/wp\/v2\/media?parent=649"}],"wp:term":[{"taxonomy":"category","embeddable":true,"href":"https:\/\/www.buntes-meissen.de\/index.php\/wp-json\/wp\/v2\/categories?post=649"},{"taxonomy":"post_tag","embeddable":true,"href":"https:\/\/www.buntes-meissen.de\/index.php\/wp-json\/wp\/v2\/tags?post=649"}],"curies":[{"name":"wp","href":"https:\/\/api.w.org\/{rel}","templated":true}]}}