{"id":709,"date":"2024-03-18T12:13:31","date_gmt":"2024-03-18T12:13:31","guid":{"rendered":"https:\/\/www.buntes-meissen.de\/?p=709"},"modified":"2024-03-18T12:13:31","modified_gmt":"2024-03-18T12:13:31","slug":"garteneroeffnung-zum-nouruz-fest-20-03-2024","status":"publish","type":"post","link":"https:\/\/www.buntes-meissen.de\/index.php\/2024\/03\/18\/garteneroeffnung-zum-nouruz-fest-20-03-2024\/","title":{"rendered":"Gartener\u00f6ffnung zum Nouruz-Fest &#8211; 20.03.2024"},"content":{"rendered":"\n<p>Am Mittwoch, dem <strong>20.03.2024<\/strong> er\u00f6ffnen wir im Internationalen Garten die Saison! Gleichzeitig wollen wir mit euch das Nouruz-Fest feiern.<br><br>Wir treffen uns von <strong>16-18 Uhr<\/strong> zum gem\u00fctlichen Beisammensein mit Kaffee, Kuchen oder anderem Essen &#8211; daf\u00fcr freuen wir uns \u00fcber kulinarische Beitr\u00e4ge f\u00fcr die gemeinsame Tafel. Au\u00dferdem k\u00f6nnen organisatorische Dinge besprochen und neue Vertr\u00e4ge f\u00fcr die Gartennutzung 2024 abgeschlossen werden.<\/p>\n\n\n\n<p>Neue und bisherige Nutzer sind herzlich willkommen!<\/p>\n\n\n\n<p>Internationaler Garten, Gro\u00dfenhainer Stra\u00dfe 161, 01662 Mei\u00dfen<\/p>\n\n\n\n<p><a href=\"mailto:garten@buntes-meissen.de\">garten@buntes-meissen.de<\/a>, 017640469217<\/p>\n\n\n\n<figure class=\"wp-block-image size-full\"><img loading=\"lazy\" decoding=\"async\" width=\"549\" height=\"843\" src=\"https:\/\/www.buntes-meissen.de\/wp-content\/uploads\/2024\/03\/Nouruz_Garteneroeffnung_24.jpg\" alt=\"\" class=\"wp-image-710\" srcset=\"https:\/\/www.buntes-meissen.de\/wp-content\/uploads\/2024\/03\/Nouruz_Garteneroeffnung_24.jpg 549w, https:\/\/www.buntes-meissen.de\/wp-content\/uploads\/2024\/03\/Nouruz_Garteneroeffnung_24-195x300.jpg 195w\" sizes=\"auto, (max-width: 549px) 100vw, 549px\" \/><\/figure>\n","protected":false},"excerpt":{"rendered":"<p>Am Mittwoch, dem 20.03.2024 er\u00f6ffnen wir im Internationalen Garten die Saison! Gleichzeitig wollen wir mit euch das Nouruz-Fest feiern. Wir treffen uns von 16-18 Uhr zum gem\u00fctlichen Beisammensein mit Kaffee, Kuchen oder anderem Essen &#8211; daf\u00fcr freuen wir uns \u00fcber kulinarische Beitr\u00e4ge f\u00fcr die gemeinsame Tafel. Au\u00dferdem k\u00f6nnen organisatorische Dinge besprochen und neue Vertr\u00e4ge f\u00fcr&#8230; <\/p>\n<div class=\"link-more\"><a href=\"https:\/\/www.buntes-meissen.de\/index.php\/2024\/03\/18\/garteneroeffnung-zum-nouruz-fest-20-03-2024\/\">Weiterlesen<\/a><\/div>\n","protected":false},"author":1,"featured_media":710,"comment_status":"closed","ping_status":"closed","sticky":false,"template":"","format":"standard","meta":{"pgc_sgb_lightbox_settings":"","footnotes":""},"categories":[3,60,4],"tags":[61,7,11],"class_list":["post-709","post","type-post","status-publish","format-standard","has-post-thumbnail","hentry","category-allgemein","category-internationaler-garten","category-veranstaltung","tag-internationaler-garten","tag-meissen","tag-veranstaltung"],"_links":{"self":[{"href":"https:\/\/www.buntes-meissen.de\/index.php\/wp-json\/wp\/v2\/posts\/709","targetHints":{"allow":["GET"]}}],"collection":[{"href":"https:\/\/www.buntes-meissen.de\/index.php\/wp-json\/wp\/v2\/posts"}],"about":[{"href":"https:\/\/www.buntes-meissen.de\/index.php\/wp-json\/wp\/v2\/types\/post"}],"author":[{"embeddable":true,"href":"https:\/\/www.buntes-meissen.de\/index.php\/wp-json\/wp\/v2\/users\/1"}],"replies":[{"embeddable":true,"href":"https:\/\/www.buntes-meissen.de\/index.php\/wp-json\/wp\/v2\/comments?post=709"}],"version-history":[{"count":1,"href":"https:\/\/www.buntes-meissen.de\/index.php\/wp-json\/wp\/v2\/posts\/709\/revisions"}],"predecessor-version":[{"id":711,"href":"https:\/\/www.buntes-meissen.de\/index.php\/wp-json\/wp\/v2\/posts\/709\/revisions\/711"}],"wp:featuredmedia":[{"embeddable":true,"href":"https:\/\/www.buntes-meissen.de\/index.php\/wp-json\/wp\/v2\/media\/710"}],"wp:attachment":[{"href":"https:\/\/www.buntes-meissen.de\/index.php\/wp-json\/wp\/v2\/media?parent=709"}],"wp:term":[{"taxonomy":"category","embeddable":true,"href":"https:\/\/www.buntes-meissen.de\/index.php\/wp-json\/wp\/v2\/categories?post=709"},{"taxonomy":"post_tag","embeddable":true,"href":"https:\/\/www.buntes-meissen.de\/index.php\/wp-json\/wp\/v2\/tags?post=709"}],"curies":[{"name":"wp","href":"https:\/\/api.w.org\/{rel}","templated":true}]}}