{"id":734,"date":"2024-04-24T07:54:45","date_gmt":"2024-04-24T07:54:45","guid":{"rendered":"https:\/\/www.buntes-meissen.de\/?p=734"},"modified":"2024-04-24T07:54:45","modified_gmt":"2024-04-24T07:54:45","slug":"backtag-im-internationalen-garten-meissen-27-04-2024","status":"publish","type":"post","link":"https:\/\/www.buntes-meissen.de\/index.php\/2024\/04\/24\/backtag-im-internationalen-garten-meissen-27-04-2024\/","title":{"rendered":"Backtag im Internationalen Garten\u00a0Mei\u00dfen 27.04.2024"},"content":{"rendered":"\n<p>Am 27.04.2024 veranstalten wir wieder einen Backtag im Internationalen Garten Mei\u00dfen. Ab 14:00 Uhr ist der Ofen hei\u00df und alle, die Lust haben, k\u00f6nnen mit ihren vorbereiteten Backwaren (Pizza, Brot, Kuchen\u2026) zu uns in den Garten kommen und ihre Leckereien im Holzofen backen.<\/p>\n\n\n\n<figure class=\"wp-block-image size-full\"><img loading=\"lazy\" decoding=\"async\" width=\"791\" height=\"875\" src=\"https:\/\/www.buntes-meissen.de\/wp-content\/uploads\/2024\/04\/backtag_042024.jpg\" alt=\"\" class=\"wp-image-735\" srcset=\"https:\/\/www.buntes-meissen.de\/wp-content\/uploads\/2024\/04\/backtag_042024.jpg 791w, https:\/\/www.buntes-meissen.de\/wp-content\/uploads\/2024\/04\/backtag_042024-271x300.jpg 271w, https:\/\/www.buntes-meissen.de\/wp-content\/uploads\/2024\/04\/backtag_042024-768x850.jpg 768w\" sizes=\"auto, (max-width: 791px) 100vw, 791px\" \/><\/figure>\n","protected":false},"excerpt":{"rendered":"<p>Am 27.04.2024 veranstalten wir wieder einen Backtag im Internationalen Garten Mei\u00dfen. Ab 14:00 Uhr ist der Ofen hei\u00df und alle, die Lust haben, k\u00f6nnen mit ihren vorbereiteten Backwaren (Pizza, Brot, Kuchen\u2026) zu uns in den Garten kommen und ihre Leckereien im Holzofen backen.<\/p>\n","protected":false},"author":1,"featured_media":735,"comment_status":"closed","ping_status":"closed","sticky":false,"template":"","format":"standard","meta":{"pgc_sgb_lightbox_settings":"","footnotes":""},"categories":[3,60,4],"tags":[85,61,7,11],"class_list":["post-734","post","type-post","status-publish","format-standard","has-post-thumbnail","hentry","category-allgemein","category-internationaler-garten","category-veranstaltung","tag-backtag","tag-internationaler-garten","tag-meissen","tag-veranstaltung"],"_links":{"self":[{"href":"https:\/\/www.buntes-meissen.de\/index.php\/wp-json\/wp\/v2\/posts\/734","targetHints":{"allow":["GET"]}}],"collection":[{"href":"https:\/\/www.buntes-meissen.de\/index.php\/wp-json\/wp\/v2\/posts"}],"about":[{"href":"https:\/\/www.buntes-meissen.de\/index.php\/wp-json\/wp\/v2\/types\/post"}],"author":[{"embeddable":true,"href":"https:\/\/www.buntes-meissen.de\/index.php\/wp-json\/wp\/v2\/users\/1"}],"replies":[{"embeddable":true,"href":"https:\/\/www.buntes-meissen.de\/index.php\/wp-json\/wp\/v2\/comments?post=734"}],"version-history":[{"count":1,"href":"https:\/\/www.buntes-meissen.de\/index.php\/wp-json\/wp\/v2\/posts\/734\/revisions"}],"predecessor-version":[{"id":736,"href":"https:\/\/www.buntes-meissen.de\/index.php\/wp-json\/wp\/v2\/posts\/734\/revisions\/736"}],"wp:featuredmedia":[{"embeddable":true,"href":"https:\/\/www.buntes-meissen.de\/index.php\/wp-json\/wp\/v2\/media\/735"}],"wp:attachment":[{"href":"https:\/\/www.buntes-meissen.de\/index.php\/wp-json\/wp\/v2\/media?parent=734"}],"wp:term":[{"taxonomy":"category","embeddable":true,"href":"https:\/\/www.buntes-meissen.de\/index.php\/wp-json\/wp\/v2\/categories?post=734"},{"taxonomy":"post_tag","embeddable":true,"href":"https:\/\/www.buntes-meissen.de\/index.php\/wp-json\/wp\/v2\/tags?post=734"}],"curies":[{"name":"wp","href":"https:\/\/api.w.org\/{rel}","templated":true}]}}