{"id":777,"date":"2024-08-08T11:32:53","date_gmt":"2024-08-08T11:32:53","guid":{"rendered":"https:\/\/www.buntes-meissen.de\/?p=777"},"modified":"2024-08-15T07:26:08","modified_gmt":"2024-08-15T07:26:08","slug":"frauen-fuer-mitmenschlichkeit-und-toleranz-21-09-2024-in-meissen","status":"publish","type":"post","link":"https:\/\/www.buntes-meissen.de\/index.php\/2024\/08\/08\/frauen-fuer-mitmenschlichkeit-und-toleranz-21-09-2024-in-meissen\/","title":{"rendered":"Frauen f\u00fcr Mitmenschlichkeit und Toleranz &#8211; 21.08.2024 in Mei\u00dfen"},"content":{"rendered":"\n<h2 class=\"wp-block-heading\">Gegen ein Sachsen der Ausgrenzung und K\u00e4lte<\/h2>\n\n\n\n<p><strong>Wir demonstrieren und feiern gemeinsam<\/strong><br><strong>am Mittwoch, d. 21. August, 19 Uhr, Schulplatz (Rote Schule) Mei\u00dfen<\/strong><br>(Ende gegen 20.30 Uhr)<\/p>\n\n\n\n<p>Manche sagen: Unser Land entwickelt sich nicht zum Guten. Die Art, wie viele Menschen miteinander umgehen, ist unfreundlich, hart und r\u00fccksichtslos. Oft sind es die Schw\u00e4chsten der Gesellschaft, die am meisten zu leiden haben: die Alten, die Armen, die Kinder, die Kranken, die k\u00f6rperlich, geistig oder seelisch Beeintr\u00e4chtigten, die Gefl\u00fcchteten.<\/p>\n\n\n\n<p>Dennoch: kein Mensch muss sich beherrschen lassen von Ignoranz und Egoismus. Jeder kann sich entscheiden, seinen Mitmenschen mit Freundlichkeit, G\u00fcte und Toleranz zu begegnen.<\/p>\n\n\n\n<p>Die Sachsen w\u00e4hlen am 1. September einen neuen Landtag. Nicht alle, die sich der Wahl stellen, stehen pers\u00f6nlich und politisch f\u00fcr Mitmenschlichkeit und Toleranz. Weil es in manchen Kreisen \u00fcblich ist, Frauen als Frauen herabzuw\u00fcrdigen, hat sich \u201eBuntes Mei\u00dfen\u201c diesmal daf\u00fcr entschieden, ausschlie\u00dflich Frauen zu Wort kommen zu lassen.<\/p>\n\n\n\n<p><strong>Eingeladen sind alle,<\/strong><\/p>\n\n\n\n<p>Frauen und M\u00e4nner, Junge und Alte, Inl\u00e4nder und Ausl\u00e4nder, sich in unserer Stadt zu versammeln, f\u00fcr Mitmenschlichkeit und Toleranz zu demonstrieren und miteinander zu feiern.<\/p>\n\n\n\n<p><strong>Moderation<\/strong>: Jana Henker, Buntes Mei\u00dfen<\/p>\n\n\n\n<p><strong>Musikalische Gestaltung<\/strong>: Beate Hofmann aus Dresden und Sandra Bohrig aus Mei\u00dfen (Cello)&nbsp;<\/p>\n\n\n\n<p>F\u00fcr <strong>kurze Ansprachen<\/strong> haben sich neben Mei\u00dfener B\u00fcrgerinnen auch G\u00e4ste angemeldet:<\/p>\n\n\n\n<p>Diana Kopper aus Costa Rica, Anw\u00e4ltin f\u00fcr Migrantinnen und Migranten; Aishat Pareulidze aus Georgien, Sch\u00fclerin; Henriette Kretz aus Belgien, ehemalige Franz\u00f6sisch-Lehrerin und \u00dcberlebende der Shoa sowie Lina Wendel, Schauspielerin, u.a. bekannt aus \u201ePolizeiruf 110\u201c.<\/p>\n\n\n\n<p>Ein kleiner <strong>Imbiss <\/strong>und <strong>kostenlose Getr\u00e4nke<\/strong> werden angeboten.<\/p>\n\n\n\n<figure class=\"wp-block-image size-large\"><img loading=\"lazy\" decoding=\"async\" width=\"1024\" height=\"1024\" src=\"https:\/\/www.buntes-meissen.de\/wp-content\/uploads\/2024\/08\/Collage-1024x1024.jpg\" alt=\"\" class=\"wp-image-778\" srcset=\"https:\/\/www.buntes-meissen.de\/wp-content\/uploads\/2024\/08\/Collage-1024x1024.jpg 1024w, https:\/\/www.buntes-meissen.de\/wp-content\/uploads\/2024\/08\/Collage-300x300.jpg 300w, https:\/\/www.buntes-meissen.de\/wp-content\/uploads\/2024\/08\/Collage-150x150.jpg 150w, https:\/\/www.buntes-meissen.de\/wp-content\/uploads\/2024\/08\/Collage-768x768.jpg 768w, https:\/\/www.buntes-meissen.de\/wp-content\/uploads\/2024\/08\/Collage-1536x1536.jpg 1536w, https:\/\/www.buntes-meissen.de\/wp-content\/uploads\/2024\/08\/Collage-2048x2048.jpg 2048w\" sizes=\"auto, (max-width: 1024px) 100vw, 1024px\" \/><\/figure>\n","protected":false},"excerpt":{"rendered":"<p>Gegen ein Sachsen der Ausgrenzung und K\u00e4lte Wir demonstrieren und feiern gemeinsamam Mittwoch, d. 21. August, 19 Uhr, Schulplatz (Rote Schule) Mei\u00dfen(Ende gegen 20.30 Uhr) Manche sagen: Unser Land entwickelt sich nicht zum Guten. Die Art, wie viele Menschen miteinander umgehen, ist unfreundlich, hart und r\u00fccksichtslos. Oft sind es die Schw\u00e4chsten der Gesellschaft, die am&#8230; <\/p>\n<div class=\"link-more\"><a href=\"https:\/\/www.buntes-meissen.de\/index.php\/2024\/08\/08\/frauen-fuer-mitmenschlichkeit-und-toleranz-21-09-2024-in-meissen\/\">Weiterlesen<\/a><\/div>\n","protected":false},"author":1,"featured_media":778,"comment_status":"closed","ping_status":"closed","sticky":false,"template":"","format":"standard","meta":{"pgc_sgb_lightbox_settings":"","footnotes":""},"categories":[3,4],"tags":[9,7,134,11],"class_list":["post-777","post","type-post","status-publish","format-standard","has-post-thumbnail","hentry","category-allgemein","category-veranstaltung","tag-kundgebung","tag-meissen","tag-toleranz","tag-veranstaltung"],"_links":{"self":[{"href":"https:\/\/www.buntes-meissen.de\/index.php\/wp-json\/wp\/v2\/posts\/777","targetHints":{"allow":["GET"]}}],"collection":[{"href":"https:\/\/www.buntes-meissen.de\/index.php\/wp-json\/wp\/v2\/posts"}],"about":[{"href":"https:\/\/www.buntes-meissen.de\/index.php\/wp-json\/wp\/v2\/types\/post"}],"author":[{"embeddable":true,"href":"https:\/\/www.buntes-meissen.de\/index.php\/wp-json\/wp\/v2\/users\/1"}],"replies":[{"embeddable":true,"href":"https:\/\/www.buntes-meissen.de\/index.php\/wp-json\/wp\/v2\/comments?post=777"}],"version-history":[{"count":3,"href":"https:\/\/www.buntes-meissen.de\/index.php\/wp-json\/wp\/v2\/posts\/777\/revisions"}],"predecessor-version":[{"id":782,"href":"https:\/\/www.buntes-meissen.de\/index.php\/wp-json\/wp\/v2\/posts\/777\/revisions\/782"}],"wp:featuredmedia":[{"embeddable":true,"href":"https:\/\/www.buntes-meissen.de\/index.php\/wp-json\/wp\/v2\/media\/778"}],"wp:attachment":[{"href":"https:\/\/www.buntes-meissen.de\/index.php\/wp-json\/wp\/v2\/media?parent=777"}],"wp:term":[{"taxonomy":"category","embeddable":true,"href":"https:\/\/www.buntes-meissen.de\/index.php\/wp-json\/wp\/v2\/categories?post=777"},{"taxonomy":"post_tag","embeddable":true,"href":"https:\/\/www.buntes-meissen.de\/index.php\/wp-json\/wp\/v2\/tags?post=777"}],"curies":[{"name":"wp","href":"https:\/\/api.w.org\/{rel}","templated":true}]}}