{"id":908,"date":"2025-03-31T09:46:13","date_gmt":"2025-03-31T09:46:13","guid":{"rendered":"https:\/\/www.buntes-meissen.de\/?p=908"},"modified":"2025-03-31T09:46:13","modified_gmt":"2025-03-31T09:46:13","slug":"fruehlingsfest-im-internationalen-garten-05-04-2025","status":"publish","type":"post","link":"https:\/\/www.buntes-meissen.de\/index.php\/2025\/03\/31\/fruehlingsfest-im-internationalen-garten-05-04-2025\/","title":{"rendered":"Fr\u00fchlingsfest im Internationalen Garten &#8211; 05.04.2025"},"content":{"rendered":"\n<p>Am Samstag, dem <strong>05.04.2024<\/strong> er\u00f6ffnen wir die Gartensaison!<\/p>\n\n\n\n<p>Wir wollen gemeinsam mit euch feiern.<\/p>\n\n\n\n<p>den Fr\u00fchlingsbeginn, das Nouruz-Fest, das Zuckerfest, die neue Gartensaison.<\/p>\n\n\n\n<p>Wir treffen uns von <strong>14-18 Uhr<\/strong> zum gem\u00fctlichen Beisammensein. F\u00fcr das gemeinsame Essen sollen kulinarische Beitr\u00e4ge mitgebracht werden. Wir sprechen \u00fcber organisatorische Dinge im Garten. Fragen werden beantwortet und neue Vertr\u00e4ge f\u00fcr die Gartennutzung 2025 k\u00f6nnen abgeschlossen werden.<\/p>\n\n\n\n<p>Neue und interessierte Menschen sind herzlich willkommen!<\/p>\n\n\n\n<p>Wir freuen uns auf Sie!<\/p>\n\n\n\n<p>Internationaler Garten, Gro\u00dfenhainer Stra\u00dfe 161, 01662 Mei\u00dfen<\/p>\n\n\n\n<p><a href=\"mailto:garten@buntes-meissen.de\">garten@buntes-meissen.de<\/a>, 017640469271<\/p>\n","protected":false},"excerpt":{"rendered":"<p>Am Samstag, dem 05.04.2024 er\u00f6ffnen wir die Gartensaison! Wir wollen gemeinsam mit euch feiern. den Fr\u00fchlingsbeginn, das Nouruz-Fest, das Zuckerfest, die neue Gartensaison. Wir treffen uns von 14-18 Uhr zum gem\u00fctlichen Beisammensein. F\u00fcr das gemeinsame Essen sollen kulinarische Beitr\u00e4ge mitgebracht werden. Wir sprechen \u00fcber organisatorische Dinge im Garten. Fragen werden beantwortet und neue Vertr\u00e4ge f\u00fcr&#8230; <\/p>\n<div class=\"link-more\"><a href=\"https:\/\/www.buntes-meissen.de\/index.php\/2025\/03\/31\/fruehlingsfest-im-internationalen-garten-05-04-2025\/\">Weiterlesen<\/a><\/div>\n","protected":false},"author":1,"featured_media":909,"comment_status":"closed","ping_status":"closed","sticky":false,"template":"","format":"standard","meta":{"pgc_sgb_lightbox_settings":"","footnotes":""},"categories":[3,60,4],"tags":[144,61,7,11],"class_list":["post-908","post","type-post","status-publish","format-standard","has-post-thumbnail","hentry","category-allgemein","category-internationaler-garten","category-veranstaltung","tag-fruehlingsfest","tag-internationaler-garten","tag-meissen","tag-veranstaltung"],"_links":{"self":[{"href":"https:\/\/www.buntes-meissen.de\/index.php\/wp-json\/wp\/v2\/posts\/908","targetHints":{"allow":["GET"]}}],"collection":[{"href":"https:\/\/www.buntes-meissen.de\/index.php\/wp-json\/wp\/v2\/posts"}],"about":[{"href":"https:\/\/www.buntes-meissen.de\/index.php\/wp-json\/wp\/v2\/types\/post"}],"author":[{"embeddable":true,"href":"https:\/\/www.buntes-meissen.de\/index.php\/wp-json\/wp\/v2\/users\/1"}],"replies":[{"embeddable":true,"href":"https:\/\/www.buntes-meissen.de\/index.php\/wp-json\/wp\/v2\/comments?post=908"}],"version-history":[{"count":1,"href":"https:\/\/www.buntes-meissen.de\/index.php\/wp-json\/wp\/v2\/posts\/908\/revisions"}],"predecessor-version":[{"id":910,"href":"https:\/\/www.buntes-meissen.de\/index.php\/wp-json\/wp\/v2\/posts\/908\/revisions\/910"}],"wp:featuredmedia":[{"embeddable":true,"href":"https:\/\/www.buntes-meissen.de\/index.php\/wp-json\/wp\/v2\/media\/909"}],"wp:attachment":[{"href":"https:\/\/www.buntes-meissen.de\/index.php\/wp-json\/wp\/v2\/media?parent=908"}],"wp:term":[{"taxonomy":"category","embeddable":true,"href":"https:\/\/www.buntes-meissen.de\/index.php\/wp-json\/wp\/v2\/categories?post=908"},{"taxonomy":"post_tag","embeddable":true,"href":"https:\/\/www.buntes-meissen.de\/index.php\/wp-json\/wp\/v2\/tags?post=908"}],"curies":[{"name":"wp","href":"https:\/\/api.w.org\/{rel}","templated":true}]}}