{"id":946,"date":"2025-06-10T11:38:26","date_gmt":"2025-06-10T11:38:26","guid":{"rendered":"https:\/\/www.buntes-meissen.de\/?p=946"},"modified":"2025-06-10T11:39:26","modified_gmt":"2025-06-10T11:39:26","slug":"interkulturelle-buehne-beim-literaturfest-2025-13-06-bis-15-06","status":"publish","type":"post","link":"https:\/\/www.buntes-meissen.de\/index.php\/2025\/06\/10\/interkulturelle-buehne-beim-literaturfest-2025-13-06-bis-15-06\/","title":{"rendered":"Interkulturelle B\u00fchne beim Literaturfest 2025 &#8211; 13.06 bis 15.06"},"content":{"rendered":"\n<p><strong>Interkulturelle B\u00fchne mit Margot K\u00e4\u00dfmann, Jakob Springfeld und Matthias Brandis prominent besetzt.<\/strong><\/p>\n\n\n\n<p><strong>Das komplette Programm:<\/strong> <a href=\"https:\/\/www.buntes-meissen.de\/wp-content\/uploads\/2025\/06\/Programm-Interkulturelle-Buehne-13.06.2025-15.06.20225.pdf\">https:\/\/www.buntes-meissen.de\/wp-content\/uploads\/2025\/06\/Programm-Interkulturelle-Buehne-13.06.2025-15.06.20225.pdf<\/a><\/p>\n\n\n\n<p>Vom 13. bis 15. Juni 2025 ist die <strong>Interkulturelle B\u00fchne<\/strong> zum f\u00fcnften Mal eine feste Gr\u00f6\u00dfe auf dem Mei\u00dfner Literaturfest. Schauplatz wird auch heuer der Gr\u00fcnmarkt auf dem Schulplatz sein. Mit insgesamt <strong>13 Lesungen<\/strong> an drei Tagen entf\u00fchren namhafte Autorinnen und Autoren das Publikum auf eine literarische Reise durch verschiedene Kulturen und Geschichten.<\/p>\n\n\n\n<p>Die Diakonie Mei\u00dfen und Buntes Mei\u00dfen \u2013 B\u00fcndnis f\u00fcr Zivilcourage e.V. organisieren diese Lesereihe bereits seit 2020. In der Vergangenheit fand sie beim Publikum stets positive Resonanz. \u201e2024 lag der Fokus unserer Interkulturellen B\u00fchne auf den anstehenden Wahlen und der politischen Situation in Nahost. Dieses Jahr wollen wir mit den Lesungen Gemeinschaft, Kraft und Hoffnung aufzeigen \u2013 Geschichten, die verbinden, Mut machen und neue Perspektiven er\u00f6ffnen\u201c, sagt Sylvia Spargen, Einrichtungsleiterin Migration im Diakonischen Werk Mei\u00dfen.<\/p>\n\n\n\n<p>\u201eGerade in Zeiten gesellschaftlicher Spannungen ist es wichtig, R\u00e4ume f\u00fcr Begegnung, Austausch und gegenseitiges Verstehen zu schaffen\u201c, betont S\u00f6ren Skalicks, Mitorganisator der Interkulturellen B\u00fchne vom B\u00fcndnis Buntes Mei\u00dfen. \u201eLiteratur kann Br\u00fccken bauen \u2013 zwischen Kulturen, Generationen und Lebenswelten. Das wollen wir mit unserem Programm sichtbar machen.\u201c<\/p>\n\n\n\n<p><strong>Ausgew\u00e4hlte Empfehlungen:<\/strong><\/p>\n\n\n\n<p><strong>Er\u00f6ffnungsveranstaltung mit Jakob Springfeld:&nbsp;<\/strong>Den Auftakt bildet am&nbsp;<strong>Freitag, 13. Juni um 17.30 Uhr&nbsp;<\/strong>Jakob Springfeld mit seinem Buch \u201eDer Westen hat keine Ahnung, was im Osten passiert\u201c. Angriffe auf Gefl\u00fcchtete nehmen zu, rechtsextreme Kr\u00e4fte planen massive Abschiebungen und neonazistische Positionen sind vielerorts \u201enormal\u201c geworden. Springfeld bietet einen tiefgehenden Einblick in die gesellschaftlichen und politischen Herausforderungen, denen der Osten Deutschlands gegen\u00fcbersteht, und l\u00e4dt zu kritischem Nachdenken ein.<\/p>\n\n\n\n<p><strong>Margot K\u00e4\u00dfmann liest aus ihrem Buch \u201eFarben der Hoffnung\u201c:&nbsp;<\/strong>Ein besonderes Highlight gibt es am&nbsp;<strong>Samstag, 14. Juni um 18 Uhr im Saal des Rathauses<\/strong>. Margot K\u00e4\u00dfmann, eine der prominentesten Pers\u00f6nlichkeiten Deutschlands, wird aus ihrem Buch \u201eFarben der Hoffnung\u201c vortragen. K\u00e4\u00dfmanns Werk inspiriert mit Geschichten \u00fcber Mut, Zuversicht und die Kraft der Gemeinschaft.<\/p>\n\n\n\n<p><strong>Matthias Brandis: Historische Einblicke:&nbsp;<\/strong>Matthias Brandis nimmt das Publikum am&nbsp;<strong>Samstag, 14. Juni um 18 Uhr auf der Interkulturellen B\u00fchne<\/strong>&nbsp;mit auf eine Reise in die Vergangenheit. In seinem Buch \u201eMeines Gro\u00dfvaters Geige: Das Schicksal der Hamburger j\u00fcdischen Familien Wohlwill und Dehn\u201c beleuchtet er das bewegende Schicksal zweier j\u00fcdischer Familien w\u00e4hrend des Holocausts in Hamburg.<\/p>\n\n\n\n<p><strong>Hasnain Kazim auf Deutschlandtour:&nbsp;<\/strong>Hasnain Kazim zieht aus, sein Land zu erkunden. Mit seinem Lieblingsverkehrsmittel, dem Fahrrad, macht er sich auf, ein aktuelles Deutschlandportr\u00e4t zu zeichnen. Was eint die Menschen, was trennt sie? Wor\u00fcber darf man eigentlich noch lachen? Was ist Heimat<\/p>\n\n\n\n<p><strong>Lesung mit Hella und Sandra Rottenberg:&nbsp;<\/strong>Abgerundet wird das Programm durch eine gemeinsame Lesung von Hella und Sandra Rottenberg, die am&nbsp;<strong>Sonntag, 15. Juni um 17 Uhr&nbsp;<\/strong>von einer au\u00dfergew\u00f6hnlichen Familiengeschichte berichten. Isay Rottenberg, ein j\u00fcdischer Unternehmer, rettet 1932 die Deutschen Zigarrenwerke in D\u00f6beln vor dem Bankrott. Trotz Nazi-Gegnerschaft bietet er vielen Arbeit und h\u00e4lt bis 1935 stand. 2015 entdecken Hella und Sandra Rottenberg durch Archive diese mutige Familiengeschichte.<\/p>\n","protected":false},"excerpt":{"rendered":"<p>Interkulturelle B\u00fchne mit Margot K\u00e4\u00dfmann, Jakob Springfeld und Matthias Brandis prominent besetzt. Das komplette Programm: https:\/\/www.buntes-meissen.de\/wp-content\/uploads\/2025\/06\/Programm-Interkulturelle-Buehne-13.06.2025-15.06.20225.pdf Vom 13. bis 15. Juni 2025 ist die Interkulturelle B\u00fchne zum f\u00fcnften Mal eine feste Gr\u00f6\u00dfe auf dem Mei\u00dfner Literaturfest. Schauplatz wird auch heuer der Gr\u00fcnmarkt auf dem Schulplatz sein. Mit insgesamt 13 Lesungen an drei Tagen entf\u00fchren namhafte&#8230; <\/p>\n<div class=\"link-more\"><a href=\"https:\/\/www.buntes-meissen.de\/index.php\/2025\/06\/10\/interkulturelle-buehne-beim-literaturfest-2025-13-06-bis-15-06\/\">Weiterlesen<\/a><\/div>\n","protected":false},"author":1,"featured_media":947,"comment_status":"closed","ping_status":"closed","sticky":false,"template":"","format":"standard","meta":{"pgc_sgb_lightbox_settings":"","footnotes":""},"categories":[3,120,5,4],"tags":[56,52,7,11],"class_list":["post-946","post","type-post","status-publish","format-standard","has-post-thumbnail","hentry","category-allgemein","category-festival","category-gefluechtete","category-veranstaltung","tag-interkulturelle-buehne","tag-literaturfest","tag-meissen","tag-veranstaltung"],"_links":{"self":[{"href":"https:\/\/www.buntes-meissen.de\/index.php\/wp-json\/wp\/v2\/posts\/946","targetHints":{"allow":["GET"]}}],"collection":[{"href":"https:\/\/www.buntes-meissen.de\/index.php\/wp-json\/wp\/v2\/posts"}],"about":[{"href":"https:\/\/www.buntes-meissen.de\/index.php\/wp-json\/wp\/v2\/types\/post"}],"author":[{"embeddable":true,"href":"https:\/\/www.buntes-meissen.de\/index.php\/wp-json\/wp\/v2\/users\/1"}],"replies":[{"embeddable":true,"href":"https:\/\/www.buntes-meissen.de\/index.php\/wp-json\/wp\/v2\/comments?post=946"}],"version-history":[{"count":2,"href":"https:\/\/www.buntes-meissen.de\/index.php\/wp-json\/wp\/v2\/posts\/946\/revisions"}],"predecessor-version":[{"id":950,"href":"https:\/\/www.buntes-meissen.de\/index.php\/wp-json\/wp\/v2\/posts\/946\/revisions\/950"}],"wp:featuredmedia":[{"embeddable":true,"href":"https:\/\/www.buntes-meissen.de\/index.php\/wp-json\/wp\/v2\/media\/947"}],"wp:attachment":[{"href":"https:\/\/www.buntes-meissen.de\/index.php\/wp-json\/wp\/v2\/media?parent=946"}],"wp:term":[{"taxonomy":"category","embeddable":true,"href":"https:\/\/www.buntes-meissen.de\/index.php\/wp-json\/wp\/v2\/categories?post=946"},{"taxonomy":"post_tag","embeddable":true,"href":"https:\/\/www.buntes-meissen.de\/index.php\/wp-json\/wp\/v2\/tags?post=946"}],"curies":[{"name":"wp","href":"https:\/\/api.w.org\/{rel}","templated":true}]}}