{"id":991,"date":"2025-09-02T08:47:21","date_gmt":"2025-09-02T08:47:21","guid":{"rendered":"https:\/\/www.buntes-meissen.de\/?p=991"},"modified":"2025-09-10T13:59:52","modified_gmt":"2025-09-10T13:59:52","slug":"10-jahre-brandanschlag-in-meissen-10-jahre-buntes-meissen-buendnis-zivilcourage","status":"publish","type":"post","link":"https:\/\/www.buntes-meissen.de\/index.php\/2025\/09\/02\/10-jahre-brandanschlag-in-meissen-10-jahre-buntes-meissen-buendnis-zivilcourage\/","title":{"rendered":"\u201e10 Jahre Brandanschlag in Mei\u00dfen \u2013 10 Jahre Buntes Mei\u00dfen \u2013 B\u00fcndnis Zivilcourage\u201c"},"content":{"rendered":"\n<p><strong>Einladung zur Podiumsdiskussion in den Internationalen Garten Mei\u00dfen<\/strong><\/p>\n\n\n\n<p><strong>\u201e10 Jahre Brandanschlag in Mei\u00dfen \u2013 10 Jahre Buntes Mei\u00dfen \u2013 B\u00fcndnis Zivilcourage\u201c<\/strong><\/p>\n\n\n\n<p><strong>Samstag, 13. September 2025 16:00 Uhr<\/strong><\/p>\n\n\n\n<p><strong>Internationaler Garten, Gro\u00dfenhainer Str. 161, Mei\u00dfen<\/strong><\/p>\n\n\n\n<p>Es geschah vor zehn Jahren, da brannte in der Nacht vom 26. auf den 27. Juni 2015 das frischsanierte Haus in der Rauhentalstra\u00dfe 14, das als Unterkunft f\u00fcr Gefl\u00fcchtete vorgesehen war.&nbsp; Nachbarn waren auf kriminellem Wege in das Haus eingedrungen, brachen eine Wohnung auf und legten Feuer. Sie nahmen billigend in Kauf, dass im Nachbarhaus schlafende Menschen h\u00e4tten sterben k\u00f6nnen. Nur durch das schnelle Eingreifen der Feuerwehr konnte verhindert werden, dass das Feuer auf andere Geb\u00e4ude \u00fcbergriff.<\/p>\n\n\n\n<p>Tage sp\u00e4ter suchten dieselben T\u00e4ter, das Haus unter Wasser zu setzen, was ihnen Gott sei Dank nicht gelang.&nbsp; Trotz aller Feindseligkeiten und Bedrohungen gab der Besitzer des Hauses nicht auf: Ingolf Brumm und sein Team von Brumm Bau bauten das Haus wieder auf.<\/p>\n\n\n\n<p>Dort zogen sp\u00e4ter sowohl Gefl\u00fcchtete als auch der im Fr\u00fchjahr 2015 neu gegr\u00fcndete Verein Buntes Mei\u00dfen \u2013 B\u00fcndnis Zivilcourage e.V. ein. Der fremdenfeindlichen Zerst\u00f6rungswut und deren offensichtliche Akzeptanz durch viele Anwohner wollten wir mit einer gro\u00dfen Zahl motivierter Menschen etwas Besseres entgegensetzen: einen Ort des Engagements, der Solidarit\u00e4t und der Hoffnung. Seit 2015 setzen wir uns nun f\u00fcr Demokratie, Vielfalt, Integration und ein respektvolles Miteinander ein. Doch die Taten und Bedrohungen von damals sind nicht Geschichte \u2013 sie sind bis heute sp\u00fcrbar.<\/p>\n\n\n\n<p><strong>Warum also ein Podium?<\/strong><\/p>\n\n\n\n<p>Wir wollen dem Erinnern Raum geben, von der mutigen Haltung Ingolf Brumms bis hin zu dem solidarischen Aufbruch, der in vielen Arbeitsformen zivilgesellschaftliche Integrationshilfe von Patenschaften, dem Atelier Frauenvielfalt, dem Internationalem Garten und dem Sprachencaf\u00e9 hervorgebracht hat. Wir suchen die gegenw\u00e4rtige Situation einzuordnen: Was hat sich ver\u00e4ndert? Wie hat sich unsere Stadt entwickelt? Wie gehen wir heute mit der gesellschaftlichen Spaltung und einer zunehmenden Bedrohung von rechts um? Wir k\u00f6nnen wir heute Zivilcourage zielf\u00fchrend einbringen und f\u00f6rdern?<\/p>\n\n\n\n<p><strong>Unsere G\u00e4ste:<\/strong><\/p>\n\n\n\n<p>Bernd Oehler \u2013 Vorsitzender von Buntes Mei\u00dfen e.V.<\/p>\n\n\n\n<p>Susann R\u00fcthrich \u2013 ehemaliges Mitglied des Deutschen Bundestages und Gr\u00fcndungsmitglied der Initiative Buntes Mei\u00dfen<\/p>\n\n\n\n<p>Dr. Walter Hannot \u2013 enger Wegbegleiter von Ingolf Brumm, dem Eigent\u00fcmer des damals angegriffenen Hauses<\/p>\n\n\n\n<p>Maria Fagerlund \u2013 Programmdirektorin Literaturfest Mei\u00dfen, Vorstandsmitglied Buntes Mei\u00dfen e.V.<\/p>\n\n\n\n<p>Olaf Sundermeyer \u2013 Journalist und Autor, der 2015 f\u00fcr die ARD-Dokumentation \u201eDunkles Deutschland &#8211; Front der Fremdenfeinde\u201c in Mei\u00dfen recherchierte<\/p>\n\n\n\n<p><strong>Moderation<\/strong> \u2013 Stephan Bickhardt, Leiter der Evangelischen Akademie Sachsen<\/p>\n\n\n\n<p>Die Podiumsdiskussion findet im Rahmen des von uns durchgef\u00fchrten Intercultural Festivals im Internationalen Garten Mei\u00dfen statt. Die Teilnahme an der Podiumsdiskussion ist kostenlos.<\/p>\n\n\n\n<p>Weitere Informationen zum Festival: <a href=\"http:\/\/www.intercultural-festival.de\">www.intercultural-festival.de<\/a><\/p>\n","protected":false},"excerpt":{"rendered":"<p>Einladung zur Podiumsdiskussion in den Internationalen Garten Mei\u00dfen \u201e10 Jahre Brandanschlag in Mei\u00dfen \u2013 10 Jahre Buntes Mei\u00dfen \u2013 B\u00fcndnis Zivilcourage\u201c Samstag, 13. September 2025 16:00 Uhr Internationaler Garten, Gro\u00dfenhainer Str. 161, Mei\u00dfen Es geschah vor zehn Jahren, da brannte in der Nacht vom 26. auf den 27. Juni 2015 das frischsanierte Haus in der&#8230; <\/p>\n<div class=\"link-more\"><a href=\"https:\/\/www.buntes-meissen.de\/index.php\/2025\/09\/02\/10-jahre-brandanschlag-in-meissen-10-jahre-buntes-meissen-buendnis-zivilcourage\/\">Weiterlesen<\/a><\/div>\n","protected":false},"author":1,"featured_media":992,"comment_status":"closed","ping_status":"closed","sticky":false,"template":"","format":"standard","meta":{"pgc_sgb_lightbox_settings":"","footnotes":""},"categories":[3,120,89,60,81,4],"tags":[137,155,38,104,7,11],"class_list":["post-991","post","type-post","status-publish","format-standard","has-post-thumbnail","hentry","category-allgemein","category-festival","category-gedenken","category-internationaler-garten","category-rechtsextremismus","category-veranstaltung","tag-anschlag","tag-brandanschlag","tag-brumm","tag-intercultural-festival","tag-meissen","tag-veranstaltung"],"_links":{"self":[{"href":"https:\/\/www.buntes-meissen.de\/index.php\/wp-json\/wp\/v2\/posts\/991","targetHints":{"allow":["GET"]}}],"collection":[{"href":"https:\/\/www.buntes-meissen.de\/index.php\/wp-json\/wp\/v2\/posts"}],"about":[{"href":"https:\/\/www.buntes-meissen.de\/index.php\/wp-json\/wp\/v2\/types\/post"}],"author":[{"embeddable":true,"href":"https:\/\/www.buntes-meissen.de\/index.php\/wp-json\/wp\/v2\/users\/1"}],"replies":[{"embeddable":true,"href":"https:\/\/www.buntes-meissen.de\/index.php\/wp-json\/wp\/v2\/comments?post=991"}],"version-history":[{"count":2,"href":"https:\/\/www.buntes-meissen.de\/index.php\/wp-json\/wp\/v2\/posts\/991\/revisions"}],"predecessor-version":[{"id":995,"href":"https:\/\/www.buntes-meissen.de\/index.php\/wp-json\/wp\/v2\/posts\/991\/revisions\/995"}],"wp:featuredmedia":[{"embeddable":true,"href":"https:\/\/www.buntes-meissen.de\/index.php\/wp-json\/wp\/v2\/media\/992"}],"wp:attachment":[{"href":"https:\/\/www.buntes-meissen.de\/index.php\/wp-json\/wp\/v2\/media?parent=991"}],"wp:term":[{"taxonomy":"category","embeddable":true,"href":"https:\/\/www.buntes-meissen.de\/index.php\/wp-json\/wp\/v2\/categories?post=991"},{"taxonomy":"post_tag","embeddable":true,"href":"https:\/\/www.buntes-meissen.de\/index.php\/wp-json\/wp\/v2\/tags?post=991"}],"curies":[{"name":"wp","href":"https:\/\/api.w.org\/{rel}","templated":true}]}}